{"id":74165,"date":"2024-10-30T20:05:24","date_gmt":"2024-10-31T00:05:24","guid":{"rendered":"https:\/\/pldaldia.com\/portada\/?p=74165"},"modified":"2024-10-31T01:06:47","modified_gmt":"2024-10-31T05:06:47","slug":"cepal-llama-a-transformar-los-modelos-de-desarrollo-de-america-latina-y-el-caribe","status":"publish","type":"post","link":"https:\/\/pldaldia.com\/portada\/cepal-llama-a-transformar-los-modelos-de-desarrollo-de-america-latina-y-el-caribe\/","title":{"rendered":"CEPAL llama a transformar los modelos de desarrollo de Am\u00e9rica Latina y el Caribe"},"content":{"rendered":"<p>El 29 de octubre de 2024 se conmemora el D\u00eda Internacional de los Cuidados y el Apoyo, proclamado por la Asamblea General de las Naciones Unidas en 2023.<\/p>\n<p>Esta fecha busca visibilizar la centralidad del cuidado en nuestras sociedades como un bien p\u00fablico, reconociendo su rol esencial para la sostenibilidad de la vida y del planeta, y su contribuci\u00f3n clave para el bienestar y la prosperidad de las personas, las sociedades, el desarrollo sostenible y la igualdad.<\/p>\n<p>A medida que las demandas globales, regionales y en cada pa\u00eds por los cuidados crecen, la CEPAL reafirma su compromiso con los pa\u00edses de la regi\u00f3n para el dise\u00f1o e implementaci\u00f3n de pol\u00edticas y sistemas integrales de cuidados capaces de garantizar los derechos, tanto a quienes reciben cuidados, como a quienes los brindan, as\u00ed como a ejercer el autocuidado sobre la base de los principios de igualdad, universalidad y corresponsabilidad social y de g\u00e9nero y, por lo tanto, como una responsabilidad que debe ser compartida por las personas de todos los sectores de la sociedad, las familias, las comunidades, las empresas y el Estado.<\/p>\n<p>Am\u00e9rica Latina y el Caribe enfrenta tres trampas del desarrollo: una trampa de baja capacidad para crecer; una de alta desigualdad, baja movilidad social y d\u00e9bil cohesi\u00f3n social, y una tercera de bajas capacidades institucionales y d\u00e9bil gobernanza, incluida una persistente crisis de los cuidados. Esta crisis se caracteriza por una demanda creciente de cuidados exacerbada por el envejecimiento poblacional y los efectos del cambio clim\u00e1tico que supera ampliamente el n\u00famero de personas, servicios e infraestructura para cuidar. Este contexto vuelve urgente la reorganizaci\u00f3n social de los cuidados, para evitar la profundizaci\u00f3n de las desigualdades producto de la divisi\u00f3n sexual del trabajo, donde las mujeres contin\u00faan asumiendo la mayor parte del trabajo de cuidados, principalmente no remunerado o en condiciones de precariedad, y se aprecia un d\u00e9ficit significativo de pol\u00edticas p\u00fablicas para garantizar el acceso a cuidados y apoyos a quienes lo requieren.<\/p>\n","protected":false},"excerpt":{"rendered":"<p>El 29 de octubre de 2024 se conmemora el D\u00eda Internacional de los Cuidados y el Apoyo, proclamado por la Asamblea General de las Naciones Unidas en 2023. Esta fecha busca visibilizar la centralidad del cuidado en nuestras sociedades como un bien p\u00fablico, reconociendo su rol esencial para la sostenibilidad de la vida y del [&hellip;]<\/p>\n","protected":false},"author":1,"featured_media":74166,"comment_status":"open","ping_status":"open","sticky":false,"template":"","format":"standard","meta":{"tdm_status":"","tdm_grid_status":"","footnotes":""},"categories":[50],"tags":[],"_links":{"self":[{"href":"https:\/\/pldaldia.com\/portada\/wp-json\/wp\/v2\/posts\/74165"}],"collection":[{"href":"https:\/\/pldaldia.com\/portada\/wp-json\/wp\/v2\/posts"}],"about":[{"href":"https:\/\/pldaldia.com\/portada\/wp-json\/wp\/v2\/types\/post"}],"author":[{"embeddable":true,"href":"https:\/\/pldaldia.com\/portada\/wp-json\/wp\/v2\/users\/1"}],"replies":[{"embeddable":true,"href":"https:\/\/pldaldia.com\/portada\/wp-json\/wp\/v2\/comments?post=74165"}],"version-history":[{"count":0,"href":"https:\/\/pldaldia.com\/portada\/wp-json\/wp\/v2\/posts\/74165\/revisions"}],"wp:featuredmedia":[{"embeddable":true,"href":"https:\/\/pldaldia.com\/portada\/wp-json\/wp\/v2\/media\/74166"}],"wp:attachment":[{"href":"https:\/\/pldaldia.com\/portada\/wp-json\/wp\/v2\/media?parent=74165"}],"wp:term":[{"taxonomy":"category","embeddable":true,"href":"https:\/\/pldaldia.com\/portada\/wp-json\/wp\/v2\/categories?post=74165"},{"taxonomy":"post_tag","embeddable":true,"href":"https:\/\/pldaldia.com\/portada\/wp-json\/wp\/v2\/tags?post=74165"}],"curies":[{"name":"wp","href":"https:\/\/api.w.org\/{rel}","templated":true}]}}