{"id":7419,"date":"2016-11-15T20:56:39","date_gmt":"2016-11-15T20:56:39","guid":{"rendered":"http:\/\/pldaldia.com\/portada\/?p=7419"},"modified":"2016-11-24T20:56:54","modified_gmt":"2016-11-24T20:56:54","slug":"humorada-52","status":"publish","type":"post","link":"https:\/\/pldaldia.com\/portada\/humorada-52\/","title":{"rendered":"Humorada"},"content":{"rendered":"<p>La <a href=\"http:\/\/eldia.com.do\/etiquetas\/policia-nacional\/\" data-saferedirecturl=\"https:\/\/www.google.com\/url?hl=es&amp;q=http:\/\/eldia.com.do\/etiquetas\/policia-nacional\/&amp;source=gmail&amp;ust=1480106887970000&amp;usg=AFQjCNFNat8ecyEk0byNPbjbaoDDy72nWA\">Polic\u00eda Nacional<\/a> inform\u00f3 que fueron apresadas \u00a0dos personas acusadas de participar en el <a href=\"http:\/\/eldia.com.do\/etiquetas\/asalto\/\" data-saferedirecturl=\"https:\/\/www.google.com\/url?hl=es&amp;q=http:\/\/eldia.com.do\/etiquetas\/asalto\/&amp;source=gmail&amp;ust=1480106887970000&amp;usg=AFQjCNEGOuL_189JujYKHPASpLQVwfptBA\">asalto<\/a> a la <a href=\"http:\/\/eldia.com.do\/etiquetas\/defensora-del-pueblo\/\" data-saferedirecturl=\"https:\/\/www.google.com\/url?hl=es&amp;q=http:\/\/eldia.com.do\/etiquetas\/defensora-del-pueblo\/&amp;source=gmail&amp;ust=1480106887970000&amp;usg=AFQjCNHIg85cq0VYIpFemYQaS0V-cfGqUw\">Defensora del pueblo<\/a>, Zolia Mart\u00ednez, \u00a0el pasado s\u00e1bado \u00a06 de este mes cuando sal\u00eda de un cine del sector de Bella Vista. Otros tres est\u00e1n pr\u00f3fugos. De ellos dos tienen condena de 20 a\u00f1os de prisi\u00f3n y estaban fuera de la misma. Tenemos en las calles condenados, deportados, delincuentes \u00a0de otros pa\u00edses y otras malas yerbas que nos tienen en zozobra y con la guerra a la delincuencia perdida. Debemos sacar de abajo.<\/p>\n","protected":false},"excerpt":{"rendered":"<p>La Polic\u00eda Nacional inform\u00f3 que fueron apresadas \u00a0dos personas acusadas de participar en el asalto a la Defensora del pueblo, Zolia Mart\u00ednez, \u00a0el pasado s\u00e1bado \u00a06 de este mes cuando sal\u00eda de un cine del sector de Bella Vista. Otros tres est\u00e1n pr\u00f3fugos. De ellos dos tienen condena de 20 a\u00f1os de prisi\u00f3n y estaban [&hellip;]<\/p>\n","protected":false},"author":1,"featured_media":0,"comment_status":"closed","ping_status":"closed","sticky":false,"template":"","format":"standard","meta":{"tdm_status":"","tdm_grid_status":"","footnotes":""},"categories":[28],"tags":[],"_links":{"self":[{"href":"https:\/\/pldaldia.com\/portada\/wp-json\/wp\/v2\/posts\/7419"}],"collection":[{"href":"https:\/\/pldaldia.com\/portada\/wp-json\/wp\/v2\/posts"}],"about":[{"href":"https:\/\/pldaldia.com\/portada\/wp-json\/wp\/v2\/types\/post"}],"author":[{"embeddable":true,"href":"https:\/\/pldaldia.com\/portada\/wp-json\/wp\/v2\/users\/1"}],"replies":[{"embeddable":true,"href":"https:\/\/pldaldia.com\/portada\/wp-json\/wp\/v2\/comments?post=7419"}],"version-history":[{"count":0,"href":"https:\/\/pldaldia.com\/portada\/wp-json\/wp\/v2\/posts\/7419\/revisions"}],"wp:attachment":[{"href":"https:\/\/pldaldia.com\/portada\/wp-json\/wp\/v2\/media?parent=7419"}],"wp:term":[{"taxonomy":"category","embeddable":true,"href":"https:\/\/pldaldia.com\/portada\/wp-json\/wp\/v2\/categories?post=7419"},{"taxonomy":"post_tag","embeddable":true,"href":"https:\/\/pldaldia.com\/portada\/wp-json\/wp\/v2\/tags?post=7419"}],"curies":[{"name":"wp","href":"https:\/\/api.w.org\/{rel}","templated":true}]}}