{"id":7426,"date":"2016-11-16T21:01:04","date_gmt":"2016-11-16T21:01:04","guid":{"rendered":"http:\/\/pldaldia.com\/portada\/?p=7426"},"modified":"2016-11-24T21:02:54","modified_gmt":"2016-11-24T21:02:54","slug":"viaja-presidente-colombiano-a-ee-uu-para-atencion-medica","status":"publish","type":"post","link":"https:\/\/pldaldia.com\/portada\/viaja-presidente-colombiano-a-ee-uu-para-atencion-medica\/","title":{"rendered":"Viaja presidente colombiano a EE.UU. para atenci\u00f3n m\u00e9dica"},"content":{"rendered":"<p>El presidente de Colombia, Juan Manuel Santos, viaja hoy a Estados Unidos, donde se realizar\u00e1 estudios m\u00e9dicos en el hospital universitario Johns Hopkins, de Baltimore (Maryland), por recomendaci\u00f3n del equipo de la Fundaci\u00f3n Santa Fe de Bogot\u00e1.<\/p>\n<p>El propio mandatario anunci\u00f3 la v\u00edspera tras salir de ese centro m\u00e9dico capitalino que sus especialistas le indicaron los ex\u00e1menes, tras detect\u00e1rsele un aumento en los niveles del ant\u00edgeno prost\u00e1tico.<\/p>\n<p><strong>Autoridades del Cono Sur debaten en Brasil sobre seguridad fronteriza<\/strong><\/p>\n<p>Autoridades gubernamentales de Argentina, Bolivia, Chile, Paraguay, Uruguay y Brasil se reunir\u00e1n hoy aqu\u00ed\u00a0 para abordar el tema de la seguridad en las fronteras y coordinar acciones de enfrentamiento al delito.<\/p>\n<p>Este ser\u00e1 un encuentro in\u00e9dito, con un formato \u00fanico, que permitir\u00e1 estrechar la cooperaci\u00f3n regional para el control fronterizo y encarar de forma integrada los il\u00edcitos transnacionales, dijo el subsecretario general de Asuntos Pol\u00edticos.<\/p>\n<p><strong>Noti resumen <\/strong><\/p>\n<p>El primer ministro de Canad\u00e1, <em>Justin Trudeau<\/em>, finaliza hoy una visita oficial a Cuba, donde ratific\u00f3 al presidente Ra\u00fal Castro el inter\u00e9s por reforzar las relaciones econ\u00f3micas y comerciales con la isla.<\/p>\n<p>\u2026\u2026\u2026\u2026\u2026\u2026\u2026.<\/p>\n<p>El presidente de Venezuela, Nicol\u00e1s Maduro, se reunir\u00e1 hoy en Caracas con el secretario general de la Organizaci\u00f3n de Pa\u00edses Exportadores de Petr\u00f3leo (OPEP), Mohammed Barkindo.<\/p>\n<p>\u2026\u2026\u2026\u2026\u2026\u2026\u2026<\/p>\n<p>Len\u00edn Moreno y Jorge Glas inscribir\u00e1n hoy sus candidaturas a presidente y vicepresidente de Ecuador en las elecciones previstas el venidero 19 de febrero, por el gubernamental Movimiento Alianza Pa\u00eds.<\/p>\n","protected":false},"excerpt":{"rendered":"<p>El presidente de Colombia, Juan Manuel Santos, viaja hoy a Estados Unidos, donde se realizar\u00e1 estudios m\u00e9dicos en el hospital universitario Johns Hopkins, de Baltimore (Maryland), por recomendaci\u00f3n del equipo de la Fundaci\u00f3n Santa Fe de Bogot\u00e1. El propio mandatario anunci\u00f3 la v\u00edspera tras salir de ese centro m\u00e9dico capitalino que sus especialistas le indicaron [&hellip;]<\/p>\n","protected":false},"author":1,"featured_media":0,"comment_status":"closed","ping_status":"closed","sticky":false,"template":"","format":"standard","meta":{"tdm_status":"","tdm_grid_status":"","footnotes":""},"categories":[9],"tags":[],"_links":{"self":[{"href":"https:\/\/pldaldia.com\/portada\/wp-json\/wp\/v2\/posts\/7426"}],"collection":[{"href":"https:\/\/pldaldia.com\/portada\/wp-json\/wp\/v2\/posts"}],"about":[{"href":"https:\/\/pldaldia.com\/portada\/wp-json\/wp\/v2\/types\/post"}],"author":[{"embeddable":true,"href":"https:\/\/pldaldia.com\/portada\/wp-json\/wp\/v2\/users\/1"}],"replies":[{"embeddable":true,"href":"https:\/\/pldaldia.com\/portada\/wp-json\/wp\/v2\/comments?post=7426"}],"version-history":[{"count":0,"href":"https:\/\/pldaldia.com\/portada\/wp-json\/wp\/v2\/posts\/7426\/revisions"}],"wp:attachment":[{"href":"https:\/\/pldaldia.com\/portada\/wp-json\/wp\/v2\/media?parent=7426"}],"wp:term":[{"taxonomy":"category","embeddable":true,"href":"https:\/\/pldaldia.com\/portada\/wp-json\/wp\/v2\/categories?post=7426"},{"taxonomy":"post_tag","embeddable":true,"href":"https:\/\/pldaldia.com\/portada\/wp-json\/wp\/v2\/tags?post=7426"}],"curies":[{"name":"wp","href":"https:\/\/api.w.org\/{rel}","templated":true}]}}