{"id":7438,"date":"2016-11-18T21:12:12","date_gmt":"2016-11-18T21:12:12","guid":{"rendered":"http:\/\/pldaldia.com\/portada\/?p=7438"},"modified":"2016-11-24T21:14:28","modified_gmt":"2016-11-24T21:14:28","slug":"manifestaciones-de-rechazo-a-gobierno-de-temer-en-brasil","status":"publish","type":"post","link":"https:\/\/pldaldia.com\/portada\/manifestaciones-de-rechazo-a-gobierno-de-temer-en-brasil\/","title":{"rendered":"Manifestaciones de rechazo a gobierno de Temer en Brasil"},"content":{"rendered":"<p>Luego de la marcha celebrada el pasado vienes 11 de noviembre, las centrales sindicales y los movimientos populares en Brasil convocaron a nuevas acciones en rechazo a la agenda neoliberal del presidente \u00a0Michel Temer.<\/p>\n<p>El coordinador nacional del Movimiento de Trabajadores Rurales Sin Tierra (MTST), <b>Guilherme Boulos<\/b>, destac\u00f3 que las paralizaciones del viernes anterior fueron s\u00f3lo el comienzo de la presi\u00f3n que los trabajadores har\u00e1n contra el gobierno ileg\u00edtimo.<\/p>\n<p><b>Legisladores argentino denuncian al Presidente Macri<\/b><\/p>\n<p>Un grupo de legisladores del Frente para la Victoria \u00a0elevaron una denuncia contra el presidente\u00a0Mauricio Macri, el titular del\u00a0Banco Central, Federico Sturzenegger,\u00a0y el ministro de Hacienda y Finanzas,\u00a0Alfonso Prat-Gay,\u00a0 por el delito de administraci\u00f3n infiel en perjuicio del estado argentino.<\/p>\n<p>Seg\u00fan se\u00f1alaron en el escrito, \u00ablos il\u00edcitos se cometieron, y se siguen cometiendo, en el marco de las decisiones de pol\u00edtica econ\u00f3mica que adopta el gobierno nacional en materia de determinaci\u00f3n del tipo de cambio, que est\u00e1n generando ruinosas consecuencias para la econom\u00eda nacional y particularmente para el erario p\u00fablico\u00bb.<\/p>\n<p><b>Noti resumen <\/b><\/p>\n<p>La llegada del presidente de Estados Unidos, Barack Obama, y el de China, Xi Jinping, entre otros gobernantes, y la culminaci\u00f3n de la reuni\u00f3n de cancilleres y ministros de comercio exterior concentran hoy la atenci\u00f3n de la Cumbre de APEC en Per\u00fa.<\/p>\n<p>\u2026\u2026\u2026\u2026\u2026\u2026..<\/p>\n<p>Venezuela y China contin\u00faan reforzando hoy su cooperaci\u00f3n bilateral con nuevos acuerdos econ\u00f3micos que buscan revitalizar el sector petrolero, deprimido a nivel global desde 2014.<\/p>\n<p>\u2026\u2026\u2026\u2026\u2026\u2026\u2026..<\/p>\n<p>Los haitianos realizan hoy un simulacro para probar la maquinaria electoral que pondr\u00e1n en acci\u00f3n en los comicios del domingo pr\u00f3ximo.<\/p>\n","protected":false},"excerpt":{"rendered":"<p>Luego de la marcha celebrada el pasado vienes 11 de noviembre, las centrales sindicales y los movimientos populares en Brasil convocaron a nuevas acciones en rechazo a la agenda neoliberal del presidente \u00a0Michel Temer. El coordinador nacional del Movimiento de Trabajadores Rurales Sin Tierra (MTST), Guilherme Boulos, destac\u00f3 que las paralizaciones del viernes anterior fueron [&hellip;]<\/p>\n","protected":false},"author":1,"featured_media":0,"comment_status":"closed","ping_status":"closed","sticky":false,"template":"","format":"standard","meta":{"tdm_status":"","tdm_grid_status":"","footnotes":""},"categories":[9],"tags":[],"_links":{"self":[{"href":"https:\/\/pldaldia.com\/portada\/wp-json\/wp\/v2\/posts\/7438"}],"collection":[{"href":"https:\/\/pldaldia.com\/portada\/wp-json\/wp\/v2\/posts"}],"about":[{"href":"https:\/\/pldaldia.com\/portada\/wp-json\/wp\/v2\/types\/post"}],"author":[{"embeddable":true,"href":"https:\/\/pldaldia.com\/portada\/wp-json\/wp\/v2\/users\/1"}],"replies":[{"embeddable":true,"href":"https:\/\/pldaldia.com\/portada\/wp-json\/wp\/v2\/comments?post=7438"}],"version-history":[{"count":0,"href":"https:\/\/pldaldia.com\/portada\/wp-json\/wp\/v2\/posts\/7438\/revisions"}],"wp:attachment":[{"href":"https:\/\/pldaldia.com\/portada\/wp-json\/wp\/v2\/media?parent=7438"}],"wp:term":[{"taxonomy":"category","embeddable":true,"href":"https:\/\/pldaldia.com\/portada\/wp-json\/wp\/v2\/categories?post=7438"},{"taxonomy":"post_tag","embeddable":true,"href":"https:\/\/pldaldia.com\/portada\/wp-json\/wp\/v2\/tags?post=7438"}],"curies":[{"name":"wp","href":"https:\/\/api.w.org\/{rel}","templated":true}]}}