{"id":78362,"date":"2025-04-13T12:00:13","date_gmt":"2025-04-13T16:00:13","guid":{"rendered":"https:\/\/pldaldia.com\/portada\/?p=78362"},"modified":"2025-04-13T12:00:13","modified_gmt":"2025-04-13T16:00:13","slug":"la-busqueda-de-la-verdad-tras-la-tragedia-del-jet-set-un-desastre-que-exige-responsabilidad","status":"publish","type":"post","link":"https:\/\/pldaldia.com\/portada\/la-busqueda-de-la-verdad-tras-la-tragedia-del-jet-set-un-desastre-que-exige-responsabilidad\/","title":{"rendered":"La B\u00fasqueda de la Verdad tras la Tragedia del Jet Set: Un Desastre que Exige Responsabilidad"},"content":{"rendered":"<p>Por: Carlos Rodr\u00edguez | Desde el instante en que el presidente, tras la llamada de la extinta gobernadora, asumi\u00f3 las riendas de la situaci\u00f3n que se desat\u00f3 el 8 de abril de 2025, la expectativa era alta. Sin embargo, la cruda realidad revel\u00f3 que ni su intervenci\u00f3n logr\u00f3 detener el pillaje y el caos que siguieron al desastre. <\/p>\n<p>Esta falta de control ante el saqueo de los cuerpos de los accidentados no solo complic\u00f3 la identificaci\u00f3n de las v\u00edctimas, sino que expone la fragilidad de nuestras instituciones y la inaceptable ineptitud de aquellos que deber\u00edan estar al mando.<\/p>\n<p>En medio de un evento festivo que promet\u00eda alegr\u00eda, la tragedia se transform\u00f3 en un s\u00edmbolo de la barbarie que asola nuestra sociedad. La imagen de un gobierno que se presenta como palad\u00edn de la justicia se vuelve una burla al observar su impotencia ante el asalto de los cuerpos ca\u00eddos, incluyendo a importantes figuras del arte y espect\u00e1culo que fueron despojadas de sus pertenencias y, con ellas, de su identidad.<\/p>\n<p> Este acto no solo es un reflejo de la descomposici\u00f3n social y \u00e9tica que impera, sino que plantea interrogantes sobre la capacidad del estado para cuidar de sus ciudadanos.<\/p>\n<p>Las informaciones provenientes de redes sociales han se\u00f1alado que un ex funcionario de la ONU, quien al parecer pose\u00eda informaci\u00f3n clasificada, se encontraba en el epicentro de la tragedia. Esto a\u00f1ade otra capa de inquietud y nos lleva a cuestionar qu\u00e9 intereses ocultos podr\u00edan haber influido en este desastre. <\/p>\n<p>Aunque se ha creado una comisi\u00f3n para investigar, surge la duda sobre si esta ser\u00e1 capaz de trascender el entramado de privilegios que rodea el ejercicio del poder pol\u00edtico, que a menudo es una errada concepci\u00f3n de la gobernanza.<\/p>\n<p>Recordando la expresi\u00f3n del profesor  de Juan Bosch \u00abLos hijos de M\u00e1chepa\u00bb, para caracterizar  la pobreza y la injusticia, debemos reconocer que hoy no todos son \u00abhijos de M\u00e1chepa\u00bb.<\/p>\n<p> Existen nombres de gran peso y reputaci\u00f3n que deben rendir cuentas ante la naci\u00f3n. La inacci\u00f3n del gobierno no solo debe ser investigada, sino que tambi\u00e9n debe enfrentarse a las severas consecuencias que esta situaci\u00f3n ha generado. La aparici\u00f3n del presidente, tras el caos que sigui\u00f3 a la tragedia, deber\u00eda ser un llamado a la reflexi\u00f3n profunda sobre su liderazgo.<\/p>\n<p>Es fundamental que demandemos no solo justicia por las v\u00edctimas, sino tambi\u00e9n una rendici\u00f3n de cuentas que asegure que desgracias de esta magnitud nunca se repitan. La vida y la dignidad de cada ciudadano deben ser el pilar en el que se fundamenten todas las decisiones pol\u00edticas. Recordemos que el verdadero liderazgo se manifiesta en los momentos de crisis, y la responsabilidad pol\u00edtica debe ser la br\u00fajula que gu\u00ede a un pueblo hacia la sanaci\u00f3n y la restauraci\u00f3n de la confianza mutua. Solo as\u00ed podremos honrar la memoria de aquellos que han sido injustamente perdidos y construir un futuro m\u00e1s seguro para todos. <\/p>\n","protected":false},"excerpt":{"rendered":"<p>Por: Carlos Rodr\u00edguez | Desde el instante en que el presidente, tras la llamada de la extinta gobernadora, asumi\u00f3 las riendas de la situaci\u00f3n que se desat\u00f3 el 8 de abril de 2025, la expectativa era alta. Sin embargo, la cruda realidad revel\u00f3 que ni su intervenci\u00f3n logr\u00f3 detener el pillaje y el caos que [&hellip;]<\/p>\n","protected":false},"author":1,"featured_media":74816,"comment_status":"open","ping_status":"open","sticky":false,"template":"","format":"standard","meta":{"tdm_status":"","tdm_grid_status":"","footnotes":""},"categories":[53],"tags":[],"_links":{"self":[{"href":"https:\/\/pldaldia.com\/portada\/wp-json\/wp\/v2\/posts\/78362"}],"collection":[{"href":"https:\/\/pldaldia.com\/portada\/wp-json\/wp\/v2\/posts"}],"about":[{"href":"https:\/\/pldaldia.com\/portada\/wp-json\/wp\/v2\/types\/post"}],"author":[{"embeddable":true,"href":"https:\/\/pldaldia.com\/portada\/wp-json\/wp\/v2\/users\/1"}],"replies":[{"embeddable":true,"href":"https:\/\/pldaldia.com\/portada\/wp-json\/wp\/v2\/comments?post=78362"}],"version-history":[{"count":1,"href":"https:\/\/pldaldia.com\/portada\/wp-json\/wp\/v2\/posts\/78362\/revisions"}],"predecessor-version":[{"id":78363,"href":"https:\/\/pldaldia.com\/portada\/wp-json\/wp\/v2\/posts\/78362\/revisions\/78363"}],"wp:featuredmedia":[{"embeddable":true,"href":"https:\/\/pldaldia.com\/portada\/wp-json\/wp\/v2\/media\/74816"}],"wp:attachment":[{"href":"https:\/\/pldaldia.com\/portada\/wp-json\/wp\/v2\/media?parent=78362"}],"wp:term":[{"taxonomy":"category","embeddable":true,"href":"https:\/\/pldaldia.com\/portada\/wp-json\/wp\/v2\/categories?post=78362"},{"taxonomy":"post_tag","embeddable":true,"href":"https:\/\/pldaldia.com\/portada\/wp-json\/wp\/v2\/tags?post=78362"}],"curies":[{"name":"wp","href":"https:\/\/api.w.org\/{rel}","templated":true}]}}