{"id":81894,"date":"2025-08-26T09:05:00","date_gmt":"2025-08-26T13:05:00","guid":{"rendered":"https:\/\/pldaldia.com\/portada\/?p=81894"},"modified":"2025-08-26T09:05:00","modified_gmt":"2025-08-26T13:05:00","slug":"el-costo-de-la-vida-del-avance-al-retroceso","status":"publish","type":"post","link":"https:\/\/pldaldia.com\/portada\/el-costo-de-la-vida-del-avance-al-retroceso\/","title":{"rendered":"El costo de la vida: Del avance al retroceso"},"content":{"rendered":"<p>Por: Margarita Cede\u00f1o | Entre la estad\u00edstica y la mesa del pueblo se revela una gran disparidad, pues cuando se trata de presentar los resultados de la pol\u00edtica social y econ\u00f3mica, el papel lo aguanta todo. <\/p>\n<p> Entre 2012 y 2019, previo a la pandemia de la COVID-19, la Rep\u00fablica Dominicana vivi\u00f3 una etapa de avances tangibles, marcados por la reducci\u00f3n sostenida de la pobreza, ampliaci\u00f3n de la clase media, estabilidad de precios y expansi\u00f3n de programas sociales articulados con el empleo, el emprendimiento, la formaci\u00f3n en valores, la salud y la educaci\u00f3n. La gente lo sent\u00eda en su mesa y en su vida cotidiana, porque con el mismo salario pod\u00eda comprar m\u00e1s, pod\u00eda so\u00f1ar con mejorar su condici\u00f3n y hasta ahorrar. En ese per\u00edodo, la pobreza baj\u00f3 de casi un 40 % a alrededor de un 21 %. La indigencia, es decir, la pobreza extrema que golpeaba a cientos de miles de familias, se redujo de 10.4 % a 2.7 %. Los programas sociales, acompa\u00f1ados de crecimiento econ\u00f3mico, no solo brindaron alivio, sino que tambi\u00e9n abrieron las puertas a empleos de calidad mediante m\u00e1s educaci\u00f3n, bancarizaci\u00f3n y formalizaci\u00f3n de peque\u00f1os negocios.<br \/>\nEl 4% para la educaci\u00f3n, aunque con retos, represent\u00f3 una victoria ciudadana que fortaleci\u00f3 la escuela p\u00fablica y dignific\u00f3 a los maestros. La inversi\u00f3n social no se percib\u00eda como un gasto, sino como una apuesta al futuro.<\/p>\n<p>Cinco a\u00f1os despu\u00e9s, la realidad es distinta. Los \u00faltimos a\u00f1os han estado marcados por el encarecimiento del costo de la vida. La inflaci\u00f3n ha erosionado el ingreso familiar, lo que antes alcanzaba para las \u201ctres calientes\u201d con mil pesos, hoy apenas cubre lo b\u00e1sico; si se desayuna, no se cena. La canasta alimentaria nacional supera los 45 mil pesos, mientras el salario m\u00ednimo real se mantiene rezagado.<\/p>\n<p>El gobierno presume de incrementar el gasto corriente para repartir m\u00e1s subsidios, m\u00e1s pensiones no contributivas y aumentar la n\u00f3mina p\u00fablica, pero ha descuidado el gasto de capital, aquel que garantiza progreso y desarrollo.<\/p>\n<p>En estos a\u00f1os, la pol\u00edtica social se ha reducido a parches de corto plazo, m\u00e1s cheques, m\u00e1s tarjetas, m\u00e1s anuncios. Sin embargo, carece de una estrategia para la creaci\u00f3n de empleo, la generaci\u00f3n de ingresos dignos y el apoyo real a la producci\u00f3n nacional, que permita reducir las importaciones y el d\u00e9ficit en la cuenta corriente de la balanza de pagos.<\/p>\n<p>Lo que antes fue movilidad social, hoy es pobreza invisible. Los subsidios, en lugar de ser un puente hacia la independencia econ\u00f3mica, se han convertido en una muleta permanente que no resuelve el problema de fondo, que es el alto costo de la vida.<\/p>\n<p>En 2012\u20132020, millones salieron de la pobreza.<\/p>\n<p>En 2020\u20132025, miles sienten que han vuelto a caer en ella. En 2012\u20132020, los programas sociales se entend\u00edan como inversi\u00f3n.<\/p>\n<p>En 2020\u20132025, se usan como propaganda.<\/p>\n<p>En 2012\u20132020, se combati\u00f3 la pobreza con pol\u00edticas integrales. En 2020\u20132025, se enfrenta la inflaci\u00f3n con parches.<\/p>\n<p>El pueblo no quiere excusas ni estad\u00edsticas maquilladas, necesita bienes y servicios m\u00e1s baratos, salarios que rindan y empleos que aseguren un futuro.<\/p>\n<p>La experiencia de 2012 a 2020 demostr\u00f3 que s\u00ed es posible avanzar, reducir la pobreza y dar dignidad a las familias. Lo que hoy vivimos nos recuerda que, sin visi\u00f3n, sin estrategia y sin sensibilidad social, cualquier logro se desvanece.<\/p>\n<p>Lo m\u00e1s doloroso es que, en apenas cinco a\u00f1os, se haya echado por la borda gran parte del esfuerzo colectivo de casi dos d\u00e9cadas. Porque, al final, el costo de la vida no se mide en gr\u00e1ficos, se mide en la mesa del pueblo, y esa mesa hoy est\u00e1 m\u00e1s vac\u00eda que nunca.<\/p>\n<p> El costo de la vida no puede seguir midi\u00e9ndose s\u00f3lo en estad\u00edsticas. Debe medirse tambi\u00e9n en angustias, sue\u00f1os postergados y salud mental deteriorada por la ansiedad de un presente sombr\u00edo y sin esperanza.<\/p>\n","protected":false},"excerpt":{"rendered":"<p>Por: Margarita Cede\u00f1o | Entre la estad\u00edstica y la mesa del pueblo se revela una gran disparidad, pues cuando se trata de presentar los resultados de la pol\u00edtica social y econ\u00f3mica, el papel lo aguanta todo. Entre 2012 y 2019, previo a la pandemia de la COVID-19, la Rep\u00fablica Dominicana vivi\u00f3 una etapa de avances [&hellip;]<\/p>\n","protected":false},"author":1,"featured_media":81197,"comment_status":"open","ping_status":"open","sticky":false,"template":"","format":"standard","meta":{"tdm_status":"","tdm_grid_status":"","footnotes":""},"categories":[53],"tags":[],"_links":{"self":[{"href":"https:\/\/pldaldia.com\/portada\/wp-json\/wp\/v2\/posts\/81894"}],"collection":[{"href":"https:\/\/pldaldia.com\/portada\/wp-json\/wp\/v2\/posts"}],"about":[{"href":"https:\/\/pldaldia.com\/portada\/wp-json\/wp\/v2\/types\/post"}],"author":[{"embeddable":true,"href":"https:\/\/pldaldia.com\/portada\/wp-json\/wp\/v2\/users\/1"}],"replies":[{"embeddable":true,"href":"https:\/\/pldaldia.com\/portada\/wp-json\/wp\/v2\/comments?post=81894"}],"version-history":[{"count":1,"href":"https:\/\/pldaldia.com\/portada\/wp-json\/wp\/v2\/posts\/81894\/revisions"}],"predecessor-version":[{"id":81895,"href":"https:\/\/pldaldia.com\/portada\/wp-json\/wp\/v2\/posts\/81894\/revisions\/81895"}],"wp:featuredmedia":[{"embeddable":true,"href":"https:\/\/pldaldia.com\/portada\/wp-json\/wp\/v2\/media\/81197"}],"wp:attachment":[{"href":"https:\/\/pldaldia.com\/portada\/wp-json\/wp\/v2\/media?parent=81894"}],"wp:term":[{"taxonomy":"category","embeddable":true,"href":"https:\/\/pldaldia.com\/portada\/wp-json\/wp\/v2\/categories?post=81894"},{"taxonomy":"post_tag","embeddable":true,"href":"https:\/\/pldaldia.com\/portada\/wp-json\/wp\/v2\/tags?post=81894"}],"curies":[{"name":"wp","href":"https:\/\/api.w.org\/{rel}","templated":true}]}}