{"id":81897,"date":"2025-08-26T10:17:47","date_gmt":"2025-08-26T14:17:47","guid":{"rendered":"https:\/\/pldaldia.com\/portada\/?p=81897"},"modified":"2025-08-26T10:17:47","modified_gmt":"2025-08-26T14:17:47","slug":"del-avance-se-ha-pasado-al-retroceso","status":"publish","type":"post","link":"https:\/\/pldaldia.com\/portada\/del-avance-se-ha-pasado-al-retroceso\/","title":{"rendered":"Del avance se ha pasado al retroceso"},"content":{"rendered":"<p>Margarita Cede\u00f1o: \u00abEn 2012\u20132020, millones salieron de la pobreza. En 2020\u20132025, miles sienten que han vuelto a caer en ella\u201d<\/p>\n<p>Para la ex vicepresidenta de la Rep\u00fablica, Margarita Cede\u00f1o, el alto costo de la canasta alimenticia y que desde el Gobierno se conciba los gastos sociales como un veh\u00edculo de propaganda, entre otros aspectos, es una muestra del retroceso que ha vivido el pa\u00eds en los \u00faltimos cinco a\u00f1os.<\/p>\n<p>\u201cCinco a\u00f1os despu\u00e9s, la realidad es distinta. Los \u00faltimos a\u00f1os han estado marcados por el encarecimiento del costo de la vida. La inflaci\u00f3n ha erosionado el ingreso familiar, lo que antes alcanzaba para las \u201ctres calientes\u201d con mil pesos, hoy apenas cubre lo b\u00e1sico; si se desayuna, no se cena. La canasta alimentaria nacional supera los 45 mil pesos, mientras el salario m\u00ednimo real se mantiene rezagado\u201d, escribi\u00f3 Cede\u00f1o en un trabajo publicado en los peri\u00f3dicos List\u00edn Diario y Vanguardia del Pueblo.<\/p>\n<p>Argumenta que en los a\u00f1os de la gesti\u00f3n del PRM la pol\u00edtica social se ha reducido a parches de corto plazo, m\u00e1s cheques, m\u00e1s tarjetas, m\u00e1s anuncios, que carece de una estrategia para la creaci\u00f3n de empleo, la generaci\u00f3n de ingresos dignos y el apoyo real a la producci\u00f3n nacional, que permita reducir las importaciones y el d\u00e9ficit en la cuenta corriente de la balanza de pagos.<\/p>\n<p>En su escrito, la tambi\u00e9n integrante del Comit\u00e9 Pol\u00edtico del Partido de la Liberaci\u00f3n Dominicana (PLD) presenta varias comparaciones de la gesti\u00f3n del PLD con la actual del PRM: \u201cLo que antes fue movilidad social, hoy es pobreza invisible\u201d, \u00abEn 2012\u20132020, millones salieron de la pobreza. En 2020\u20132025, miles sienten que han vuelto a caer en ella\u201d, \u201cEn 2012\u20132020, los programas sociales se entend\u00edan como inversi\u00f3n. En 2020\u20132025, se usan como propaganda\u201d.<\/p>\n<p>\u201cLo m\u00e1s doloroso es que, en apenas cinco a\u00f1os, se haya echado por la borda gran parte del esfuerzo colectivo de casi dos d\u00e9cadas\u201d, lamenta Margarita Cede\u00f1o, para cerrar su trabajo afirmando que \u201cEl costo de la vida no puede seguir midi\u00e9ndose s\u00f3lo en estad\u00edsticas. Debe medirse tambi\u00e9n en angustias, sue\u00f1os postergados y salud mental deteriorada por la ansiedad de un presente sombr\u00edo y sin esperanza\u201d.<\/p>\n","protected":false},"excerpt":{"rendered":"<p>Margarita Cede\u00f1o: \u00abEn 2012\u20132020, millones salieron de la pobreza. En 2020\u20132025, miles sienten que han vuelto a caer en ella\u201d Para la ex vicepresidenta de la Rep\u00fablica, Margarita Cede\u00f1o, el alto costo de la canasta alimenticia y que desde el Gobierno se conciba los gastos sociales como un veh\u00edculo de propaganda, entre otros aspectos, es [&hellip;]<\/p>\n","protected":false},"author":1,"featured_media":81898,"comment_status":"open","ping_status":"open","sticky":false,"template":"","format":"standard","meta":{"tdm_status":"","tdm_grid_status":"","footnotes":""},"categories":[9],"tags":[],"_links":{"self":[{"href":"https:\/\/pldaldia.com\/portada\/wp-json\/wp\/v2\/posts\/81897"}],"collection":[{"href":"https:\/\/pldaldia.com\/portada\/wp-json\/wp\/v2\/posts"}],"about":[{"href":"https:\/\/pldaldia.com\/portada\/wp-json\/wp\/v2\/types\/post"}],"author":[{"embeddable":true,"href":"https:\/\/pldaldia.com\/portada\/wp-json\/wp\/v2\/users\/1"}],"replies":[{"embeddable":true,"href":"https:\/\/pldaldia.com\/portada\/wp-json\/wp\/v2\/comments?post=81897"}],"version-history":[{"count":1,"href":"https:\/\/pldaldia.com\/portada\/wp-json\/wp\/v2\/posts\/81897\/revisions"}],"predecessor-version":[{"id":81899,"href":"https:\/\/pldaldia.com\/portada\/wp-json\/wp\/v2\/posts\/81897\/revisions\/81899"}],"wp:featuredmedia":[{"embeddable":true,"href":"https:\/\/pldaldia.com\/portada\/wp-json\/wp\/v2\/media\/81898"}],"wp:attachment":[{"href":"https:\/\/pldaldia.com\/portada\/wp-json\/wp\/v2\/media?parent=81897"}],"wp:term":[{"taxonomy":"category","embeddable":true,"href":"https:\/\/pldaldia.com\/portada\/wp-json\/wp\/v2\/categories?post=81897"},{"taxonomy":"post_tag","embeddable":true,"href":"https:\/\/pldaldia.com\/portada\/wp-json\/wp\/v2\/tags?post=81897"}],"curies":[{"name":"wp","href":"https:\/\/api.w.org\/{rel}","templated":true}]}}