{"id":81900,"date":"2025-08-26T10:32:51","date_gmt":"2025-08-26T14:32:51","guid":{"rendered":"https:\/\/pldaldia.com\/portada\/?p=81900"},"modified":"2025-08-26T10:32:51","modified_gmt":"2025-08-26T14:32:51","slug":"mi-vida-con-los-muertos","status":"publish","type":"post","link":"https:\/\/pldaldia.com\/portada\/mi-vida-con-los-muertos\/","title":{"rendered":"Mi vida con los muertos"},"content":{"rendered":"<p>Por: Sergio Sarita Valdez | Desde la infancia, el enigma de los muertos me persigue a manera de fantasma. Mi progenitora, hu\u00e9rfana de madre desde su primer a\u00f1o, se quejaba de no poseer siquiera una fotograf\u00eda de la fallecida. Cuando contaba apenas con cuatro a\u00f1os de edad, mam\u00e1 sufri\u00f3 una intoxicaci\u00f3n accidental con gas queroseno que la mantuvo en estado de coma por tres d\u00edas. Narraba que, mientras dorm\u00eda, so\u00f1\u00f3 que una se\u00f1ora vestida de blanco, cuyo rostro no distingu\u00eda, la conduc\u00eda hacia el r\u00edo. La desconocida cruz\u00f3 el arroyuelo, en tanto que mi madre se neg\u00f3 a atravesarlo, muy a pesar de la insistencia de la acompa\u00f1ante. Al recuperar el estado de conciencia, la enferma dedujo que se trataba de su mam\u00e1 que intentaba llev\u00e1rsela al cielo. Mi memoria de cerca de cuatro a\u00f1os registra haber hecho acto de presencia mientras mi madre ba\u00f1aba y luego vest\u00eda el cad\u00e1ver de uno de sus compadres. Durante un brote de difteria en la d\u00e9cada de los cincuenta del pasado siglo, vi varios ni\u00f1os en ata\u00fades de cart\u00f3n forrados con papeles de colores. Los parientes no pod\u00edan llorar porque, supuestamente, los infantes sub\u00edan al cielo convertidos en angelitos y el llanto pod\u00eda interferir con su alegre viaje. Siendo estudiante de medicina de primer a\u00f1o, me toc\u00f3 hacer la pr\u00e1ctica de anatom\u00eda disecando cad\u00e1veres reales mantenidos en piletas de concreto llenas de formaldeh\u00eddo. Viviendo en el hospital Dr. Francisco E. Moscoso all\u00e1 por el a\u00f1o de 1961, asist\u00ed al cirujano general doctor Ludovino S\u00e1nchez en la realizaci\u00f3n de una autopsia parcial. Se trataba de un adulto joven con un abdomen agudo que hab\u00eda fallecido antes de que pudieran realizarle la intervenci\u00f3n quir\u00fargica de emergencia. El facultativo hizo una incisi\u00f3n vertical alrededor del ombligo y not\u00e9 que inmediatamente brot\u00f3 un l\u00edquido amarillento algo purulento. En la parte terminal del intestino delgado se not\u00f3 una zona ulcerada perforada. El doctor S\u00e1nchez concluy\u00f3 que se trataba de una infecci\u00f3n infectocontagiosa de origen h\u00eddrico, probablemente fiebre tifoidea.<\/p>\n<p>A partir del a\u00f1o 1970, y de modo continuo casi sin vacaciones, la pr\u00e1ctica de autopsias cl\u00ednicas y medicolegales ha sido la constante m\u00e1s que la excepci\u00f3n. Son decenas de miles las muertes investigadas. Desde los fallecimientos intrauterinos hasta ancianos centenarios, han sido fuentes inagotables de investigaci\u00f3n, aprendizaje y docencia por las que estoy endeudado moral y espiritualmente, as\u00ed como agradecido por la confianza y condescendencia de familiares y allegados de los difuntos. Completar ocho d\u00e9cadas de vida, de las cuales seis han sido invertidas en conocer las causas org\u00e1nicas fundamentales que inician la cascada progresiva que conduce al cese definitivo de las funciones vitales, es una haza\u00f1a invalorable. Algunas de estas experiencias han sido compartidas a trav\u00e9s de publicaciones en libros, revistas, art\u00edculos de prensa, as\u00ed como en conferencias nacionales e internacionales. \u201cDel polvo viniste y en polvo te has de convertir\u201d, as\u00ed lo enuncia el cap\u00edtulo 3, vers\u00edculo 19 del libro G\u00e9nesis de la Biblia. \u00a1Cu\u00e1nto hemos aprendido de ese intermedio que es la vida! Gracias a esos muertos y muertas que nos han ense\u00f1ado tanto y que han ayudado a incrementar el tiempo y la calidad de nuestro tr\u00e1nsito existencial. Cada persona fallecida, con sus aciertos y sus errores, nos ha dejado una lecci\u00f3n de vida. Nuestra tarea fundamental ha consistido en transferir lo conseguido para bien de las generaciones venideras.<\/p>\n","protected":false},"excerpt":{"rendered":"<p>Por: Sergio Sarita Valdez | Desde la infancia, el enigma de los muertos me persigue a manera de fantasma. Mi progenitora, hu\u00e9rfana de madre desde su primer a\u00f1o, se quejaba de no poseer siquiera una fotograf\u00eda de la fallecida. Cuando contaba apenas con cuatro a\u00f1os de edad, mam\u00e1 sufri\u00f3 una intoxicaci\u00f3n accidental con gas queroseno [&hellip;]<\/p>\n","protected":false},"author":1,"featured_media":46957,"comment_status":"open","ping_status":"open","sticky":false,"template":"","format":"standard","meta":{"tdm_status":"","tdm_grid_status":"","footnotes":""},"categories":[53],"tags":[],"_links":{"self":[{"href":"https:\/\/pldaldia.com\/portada\/wp-json\/wp\/v2\/posts\/81900"}],"collection":[{"href":"https:\/\/pldaldia.com\/portada\/wp-json\/wp\/v2\/posts"}],"about":[{"href":"https:\/\/pldaldia.com\/portada\/wp-json\/wp\/v2\/types\/post"}],"author":[{"embeddable":true,"href":"https:\/\/pldaldia.com\/portada\/wp-json\/wp\/v2\/users\/1"}],"replies":[{"embeddable":true,"href":"https:\/\/pldaldia.com\/portada\/wp-json\/wp\/v2\/comments?post=81900"}],"version-history":[{"count":1,"href":"https:\/\/pldaldia.com\/portada\/wp-json\/wp\/v2\/posts\/81900\/revisions"}],"predecessor-version":[{"id":81901,"href":"https:\/\/pldaldia.com\/portada\/wp-json\/wp\/v2\/posts\/81900\/revisions\/81901"}],"wp:featuredmedia":[{"embeddable":true,"href":"https:\/\/pldaldia.com\/portada\/wp-json\/wp\/v2\/media\/46957"}],"wp:attachment":[{"href":"https:\/\/pldaldia.com\/portada\/wp-json\/wp\/v2\/media?parent=81900"}],"wp:term":[{"taxonomy":"category","embeddable":true,"href":"https:\/\/pldaldia.com\/portada\/wp-json\/wp\/v2\/categories?post=81900"},{"taxonomy":"post_tag","embeddable":true,"href":"https:\/\/pldaldia.com\/portada\/wp-json\/wp\/v2\/tags?post=81900"}],"curies":[{"name":"wp","href":"https:\/\/api.w.org\/{rel}","templated":true}]}}