{"id":81908,"date":"2025-08-26T14:51:16","date_gmt":"2025-08-26T18:51:16","guid":{"rendered":"https:\/\/pldaldia.com\/portada\/?p=81908"},"modified":"2025-08-26T14:51:16","modified_gmt":"2025-08-26T18:51:16","slug":"fallece-dramaturgo-franklin-dominguez","status":"publish","type":"post","link":"https:\/\/pldaldia.com\/portada\/fallece-dramaturgo-franklin-dominguez\/","title":{"rendered":"Fallece dramaturgo Franklin Dom\u00ednguez"},"content":{"rendered":"<p>Cultura del PLD lamenta fallecimiento<\/p>\n<p>El Partido de la Liberaci\u00f3n Dominicana lamenta el fallecimiento del actor y dramaturgo Franklin Dom\u00ednguez, quien fue director de Informaci\u00f3n y Prensa de la Presidencia en los gobiernos de los presidentes Juan Bosch, Rafael Molina Ure\u00f1a, Francisco Alberto Caama\u00f1o De\u00f1o, H\u00e9ctor Garc\u00eda-Godoy y Antonio Guzm\u00e1n.<\/p>\n<p>La organizaci\u00f3n pol\u00edtica manifest\u00f3 su pesar por intermedio de su Secretar\u00eda de Cultura, cuyo titular es el soci\u00f3logo Rafael Calder\u00f3n.<\/p>\n<p>Calder\u00f3n valor\u00f3 la trayectoria y el legado de Dom\u00ednguez, que abarca m\u00e1s de un centenar de obras escritas y llevadas a escena, tanto en grandes teatros nacionales como internacionales.<\/p>\n<p>\u201cFranklin Dom\u00ednguez es poseedor de uno de los legados teatrales m\u00e1s amplios y significativos de la cultura dominicana, que tambi\u00e9n abarc\u00f3 otras \u00e1reas\u201d, expres\u00f3 el secretario de Cultura del PLD.<\/p>\n<p>El dramaturgo, actor, director de teatro, abogado y pol\u00edtico falleci\u00f3 este martes 26 de agosto, a los 94 a\u00f1os de edad, debido a complicaciones de salud que lo postraron durante varios a\u00f1os.<\/p>\n<p>Franklin gan\u00f3 en nueve ocasiones el Premio Nacional de Teatro Crist\u00f3bal de Llerena, recibi\u00f3 el Gran Dorado en 1979 y el Premio Nacional de Literatura en 2003. En tres oportunidades ha sido director general de Bellas Artes.<\/p>\n<p>Fue adem\u00e1s presidente de la Sociedad de Autores y Compositores Dram\u00e1ticos y tambi\u00e9n del Colegio Dominicano de Artistas del Teatro. Fund\u00f3 la agrupaci\u00f3n pol\u00edtica Movimiento de Conciliaci\u00f3n Nacional, llegando a ser su candidato presidencial en una ocasi\u00f3n, que lleg\u00f3 a apoyar al PLD en varias ocasiones.<\/p>\n<p>Otro de los grandes aportes de Franklin Dom\u00ednguez a su naci\u00f3n, radica en haber sido productor, guionista y director de \u201cLa silla\u201d, primera pel\u00edcula largometraje dominicana; un mon\u00f3logo protagonizado por el actor y publicista Camilo Carrau, que planteaba el problema de la juventud dominicana bajo el r\u00e9gimen del dictador Rafael Le\u00f3nidas Trujillo.<\/p>\n","protected":false},"excerpt":{"rendered":"<p>Cultura del PLD lamenta fallecimiento El Partido de la Liberaci\u00f3n Dominicana lamenta el fallecimiento del actor y dramaturgo Franklin Dom\u00ednguez, quien fue director de Informaci\u00f3n y Prensa de la Presidencia en los gobiernos de los presidentes Juan Bosch, Rafael Molina Ure\u00f1a, Francisco Alberto Caama\u00f1o De\u00f1o, H\u00e9ctor Garc\u00eda-Godoy y Antonio Guzm\u00e1n. La organizaci\u00f3n pol\u00edtica manifest\u00f3 su [&hellip;]<\/p>\n","protected":false},"author":1,"featured_media":81909,"comment_status":"open","ping_status":"open","sticky":false,"template":"","format":"standard","meta":{"tdm_status":"","tdm_grid_status":"","footnotes":""},"categories":[9],"tags":[],"_links":{"self":[{"href":"https:\/\/pldaldia.com\/portada\/wp-json\/wp\/v2\/posts\/81908"}],"collection":[{"href":"https:\/\/pldaldia.com\/portada\/wp-json\/wp\/v2\/posts"}],"about":[{"href":"https:\/\/pldaldia.com\/portada\/wp-json\/wp\/v2\/types\/post"}],"author":[{"embeddable":true,"href":"https:\/\/pldaldia.com\/portada\/wp-json\/wp\/v2\/users\/1"}],"replies":[{"embeddable":true,"href":"https:\/\/pldaldia.com\/portada\/wp-json\/wp\/v2\/comments?post=81908"}],"version-history":[{"count":1,"href":"https:\/\/pldaldia.com\/portada\/wp-json\/wp\/v2\/posts\/81908\/revisions"}],"predecessor-version":[{"id":81910,"href":"https:\/\/pldaldia.com\/portada\/wp-json\/wp\/v2\/posts\/81908\/revisions\/81910"}],"wp:featuredmedia":[{"embeddable":true,"href":"https:\/\/pldaldia.com\/portada\/wp-json\/wp\/v2\/media\/81909"}],"wp:attachment":[{"href":"https:\/\/pldaldia.com\/portada\/wp-json\/wp\/v2\/media?parent=81908"}],"wp:term":[{"taxonomy":"category","embeddable":true,"href":"https:\/\/pldaldia.com\/portada\/wp-json\/wp\/v2\/categories?post=81908"},{"taxonomy":"post_tag","embeddable":true,"href":"https:\/\/pldaldia.com\/portada\/wp-json\/wp\/v2\/tags?post=81908"}],"curies":[{"name":"wp","href":"https:\/\/api.w.org\/{rel}","templated":true}]}}