{"id":81915,"date":"2025-08-26T19:05:19","date_gmt":"2025-08-26T23:05:19","guid":{"rendered":"https:\/\/pldaldia.com\/portada\/?p=81915"},"modified":"2025-08-27T14:19:20","modified_gmt":"2025-08-27T18:19:20","slug":"carta-abierta-a-mis-amigos","status":"publish","type":"post","link":"https:\/\/pldaldia.com\/portada\/carta-abierta-a-mis-amigos\/","title":{"rendered":"CARTA ABIERTA A MIS AMIGOS"},"content":{"rendered":"<p>Por: Daniel Cruz | Apreciado amigo, amiga:<\/p>\n<p>Con el aprecio de siempre, te confieso que me embarga una gran duda. No dramatizar\u00e9 la situaci\u00f3n diciendo que se trata de una duda existencial. No es para tanto; pero es una duda que me trae de vuelta y media desde hace unas cuantas semanas, y he querido compartirla contigo.<\/p>\n<p>Quiero que me aclare a qui\u00e9n le creo, si al se\u00f1or presidente Luis Abinader, quien dice que la estamos pasando de lo mejor en su gobierno o a la realidad que me golpea constantemente en la cara y sobre todo en los bolsillos; \u00bfle creo a Abinader cuando dice que trabaja para el pa\u00eds, del que soy parte como lo eres t\u00fa, o le creo a la realidad del deterioro que veo en todos los sectores de la vida nacional?; \u00bfle creo a Abinader cuando dice que estamos listos para vender energ\u00eda el\u00e9ctrica a Puerto Rico o le creo a la oscuridad de los apagones que nos dan todas las noches y en gran parte del d\u00eda, como en el momento de escribirte estas l\u00edneas?; \u00bfle creo a Abinader cuando dice que el dinero nos alcanza m\u00e1s ahora que hace 5 a\u00f1os, cuando la realidad es que traigo menos fundas del supermercado, a pesar de que incurro en igual gasto?; \u00bfle creo a Abinader cuando me habla de que la inseguridad ciudadana es una cosa del pasado, sin embargo tengo que andarme con mucho cuidado en cada calle y hacer un mapa mental para determinar cu\u00e1l es el trayecto de menos riesgos para llegar a mi destino?; en fin, \u00bfle creo al se\u00f1or Abinader cuando dice que los cuartos rinden en su gobierno y la verdad de la verdad es que los pr\u00e9stamos en que ha incurrido dicen otra cosa, si tomamos en cuenta que de los m\u00e1s de 40 mil millones de d\u00f3lares tomados en pr\u00e9stamos no se ha visto en el pa\u00eds ninguna obra de relevancia cuando el Plan Marshall para la reconstrucci\u00f3n de Europa despu\u00e9s de la Segunda Guerra Mundial fue tan solo de 15 mil millones de d\u00f3lares? Independientemente de la diferencia entre el valor de un d\u00f3lar de 1948 y un d\u00f3lar de hoy, se destinaron 15 mil millones de d\u00f3lares para la reconstrucci\u00f3n de 17 pa\u00edses en algunos de los cuales el nuestro cabe varias veces y que resultaron devastados por los bombardeos y la ocupaci\u00f3n de los nazis, como es el caso de Polonia, Checoslovaquia y Francia, por ejemplo, y en nuestro pa\u00eds se ha tomado prestado m\u00e1s del doble de esa cantidad y no se ve en qu\u00e9 se ha invertido ese dineral.<\/p>\n<p>Finalmente, \u00bfle creo al presidente Abinader cuando habla de la racionalidad del gasto en su gobierno y lo tiene lleno de pensionados por razones pol\u00edtico-partidarias que no hicieron m\u00e9rito trabajando en ninguna instituci\u00f3n del Estado, y que para convencerme de que estoy hoy mejor, cuando la realidad me dice lo contrario, debe invertir m\u00e1s de 4 mil millones de pesos en publicidad que aunque cambien mi percepci\u00f3n no modifican en nada positivo mi realidad?<\/p>\n<p>Agradeciendo por anticipado tu atenci\u00f3n y ayuda, tuyo siempre,<\/p>\n<p>atentamente,<\/p>\n<p>Daniel Cruz<\/p>\n","protected":false},"excerpt":{"rendered":"<p>Por: Daniel Cruz | Apreciado amigo, amiga: Con el aprecio de siempre, te confieso que me embarga una gran duda. No dramatizar\u00e9 la situaci\u00f3n diciendo que se trata de una duda existencial. No es para tanto; pero es una duda que me trae de vuelta y media desde hace unas cuantas semanas, y he querido [&hellip;]<\/p>\n","protected":false},"author":1,"featured_media":52040,"comment_status":"open","ping_status":"open","sticky":false,"template":"","format":"standard","meta":{"tdm_status":"","tdm_grid_status":"","footnotes":""},"categories":[53],"tags":[],"_links":{"self":[{"href":"https:\/\/pldaldia.com\/portada\/wp-json\/wp\/v2\/posts\/81915"}],"collection":[{"href":"https:\/\/pldaldia.com\/portada\/wp-json\/wp\/v2\/posts"}],"about":[{"href":"https:\/\/pldaldia.com\/portada\/wp-json\/wp\/v2\/types\/post"}],"author":[{"embeddable":true,"href":"https:\/\/pldaldia.com\/portada\/wp-json\/wp\/v2\/users\/1"}],"replies":[{"embeddable":true,"href":"https:\/\/pldaldia.com\/portada\/wp-json\/wp\/v2\/comments?post=81915"}],"version-history":[{"count":2,"href":"https:\/\/pldaldia.com\/portada\/wp-json\/wp\/v2\/posts\/81915\/revisions"}],"predecessor-version":[{"id":81946,"href":"https:\/\/pldaldia.com\/portada\/wp-json\/wp\/v2\/posts\/81915\/revisions\/81946"}],"wp:featuredmedia":[{"embeddable":true,"href":"https:\/\/pldaldia.com\/portada\/wp-json\/wp\/v2\/media\/52040"}],"wp:attachment":[{"href":"https:\/\/pldaldia.com\/portada\/wp-json\/wp\/v2\/media?parent=81915"}],"wp:term":[{"taxonomy":"category","embeddable":true,"href":"https:\/\/pldaldia.com\/portada\/wp-json\/wp\/v2\/categories?post=81915"},{"taxonomy":"post_tag","embeddable":true,"href":"https:\/\/pldaldia.com\/portada\/wp-json\/wp\/v2\/tags?post=81915"}],"curies":[{"name":"wp","href":"https:\/\/api.w.org\/{rel}","templated":true}]}}