{"id":81923,"date":"2025-08-27T02:21:38","date_gmt":"2025-08-27T06:21:38","guid":{"rendered":"https:\/\/pldaldia.com\/portada\/?p=81923"},"modified":"2025-08-27T02:21:38","modified_gmt":"2025-08-27T06:21:38","slug":"dia-mundial-de-los-lagos","status":"publish","type":"post","link":"https:\/\/pldaldia.com\/portada\/dia-mundial-de-los-lagos\/","title":{"rendered":"D\u00eda Mundial de los Lagos"},"content":{"rendered":"<p>El 27 de agosto de cada a\u00f1o se celebra el D\u00eda Mundial de los Lagos, una fecha para resaltar la importancia de estos ecosistemas acu\u00e1ticos en la sostenibilidad ambiental y el bienestar humano.<\/p>\n<p>El D\u00eda Mundial de los Lagos es una conmemoraci\u00f3n oficial designada por la Asamblea General de las Naciones Unidas.<\/p>\n","protected":false},"excerpt":{"rendered":"<p>El 27 de agosto de cada a\u00f1o se celebra el D\u00eda Mundial de los Lagos, una fecha para resaltar la importancia de estos ecosistemas acu\u00e1ticos en la sostenibilidad ambiental y el bienestar humano. El D\u00eda Mundial de los Lagos es una conmemoraci\u00f3n oficial designada por la Asamblea General de las Naciones Unidas.<\/p>\n","protected":false},"author":1,"featured_media":81922,"comment_status":"open","ping_status":"open","sticky":false,"template":"","format":"standard","meta":{"tdm_status":"","tdm_grid_status":"","footnotes":""},"categories":[57],"tags":[],"_links":{"self":[{"href":"https:\/\/pldaldia.com\/portada\/wp-json\/wp\/v2\/posts\/81923"}],"collection":[{"href":"https:\/\/pldaldia.com\/portada\/wp-json\/wp\/v2\/posts"}],"about":[{"href":"https:\/\/pldaldia.com\/portada\/wp-json\/wp\/v2\/types\/post"}],"author":[{"embeddable":true,"href":"https:\/\/pldaldia.com\/portada\/wp-json\/wp\/v2\/users\/1"}],"replies":[{"embeddable":true,"href":"https:\/\/pldaldia.com\/portada\/wp-json\/wp\/v2\/comments?post=81923"}],"version-history":[{"count":1,"href":"https:\/\/pldaldia.com\/portada\/wp-json\/wp\/v2\/posts\/81923\/revisions"}],"predecessor-version":[{"id":81924,"href":"https:\/\/pldaldia.com\/portada\/wp-json\/wp\/v2\/posts\/81923\/revisions\/81924"}],"wp:featuredmedia":[{"embeddable":true,"href":"https:\/\/pldaldia.com\/portada\/wp-json\/wp\/v2\/media\/81922"}],"wp:attachment":[{"href":"https:\/\/pldaldia.com\/portada\/wp-json\/wp\/v2\/media?parent=81923"}],"wp:term":[{"taxonomy":"category","embeddable":true,"href":"https:\/\/pldaldia.com\/portada\/wp-json\/wp\/v2\/categories?post=81923"},{"taxonomy":"post_tag","embeddable":true,"href":"https:\/\/pldaldia.com\/portada\/wp-json\/wp\/v2\/tags?post=81923"}],"curies":[{"name":"wp","href":"https:\/\/api.w.org\/{rel}","templated":true}]}}