{"id":81930,"date":"2025-08-27T10:48:45","date_gmt":"2025-08-27T14:48:45","guid":{"rendered":"https:\/\/pldaldia.com\/portada\/?p=81930"},"modified":"2025-08-27T10:48:45","modified_gmt":"2025-08-27T14:48:45","slug":"pld-realiza-encuentro-de-inclusion-en-sabana-de-la-mar","status":"publish","type":"post","link":"https:\/\/pldaldia.com\/portada\/pld-realiza-encuentro-de-inclusion-en-sabana-de-la-mar\/","title":{"rendered":"PLD realiza encuentro de inclusi\u00f3n en Sabana de la Mar"},"content":{"rendered":"<p>Secretar\u00eda de Participaci\u00f3n e Inclusi\u00f3n del PLD deja instalado equipo humano que le representara en Sabana de la Mar<\/p>\n<p>La Secretar\u00eda de Participaci\u00f3n e Inclusi\u00f3n del Partido de la Liberaci\u00f3n Dominicana (PLD) desarroll\u00f3 una jornada de sensibilizaci\u00f3n en Sabana de la Mar, provincia Hato Mayor sobre las condiciones especiales en las personas, reafirmando el compromiso con la inclusi\u00f3n social y la cercan\u00eda comunitaria.<\/p>\n<p>La actividad estuvo encabezada por Junior Fructuoso, titular de la Secretar\u00eda Pelede\u00edsta, con la representaci\u00f3n de la direcci\u00f3n del PLD en el municipio y el respaldo de los regidores Clara Tiburcio y Brayan Pimentel.<\/p>\n<p>El encuentro se aprovech\u00f3 para dejar instalado el equipo humano que representar\u00e1 el \u00f3rgano Pelede\u00edsta en Sabana de la Mar.<\/p>\n<p>Como parte de la jornada, se realiz\u00f3 un operativo en quince viviendas con familias con personas en condiciones especiales, donde se compartieron experiencias y se escucharon testimonios de comunitarios reafirmando que \u201cCon el PLD se viv\u00eda mejor\u201d, a prop\u00f3sito de la desatenci\u00f3n de los actuales gobernantes.<\/p>\n<p>En los argumentos de los participantes se destacaron los avances en programas sociales, apoyo comunitario e inclusi\u00f3n durante los gobiernos del PLD.<\/p>\n<p>\u201cEste encuentro fortalece el compromiso de la Secretar\u00eda de seguir construyendo espacios donde la participaci\u00f3n y la inclusi\u00f3n sean los ejes del desarrollo social y pol\u00edtico en la zona\u201d, destac\u00f3 Junior Fructuoso.<\/p>\n","protected":false},"excerpt":{"rendered":"<p>Secretar\u00eda de Participaci\u00f3n e Inclusi\u00f3n del PLD deja instalado equipo humano que le representara en Sabana de la Mar La Secretar\u00eda de Participaci\u00f3n e Inclusi\u00f3n del Partido de la Liberaci\u00f3n Dominicana (PLD) desarroll\u00f3 una jornada de sensibilizaci\u00f3n en Sabana de la Mar, provincia Hato Mayor sobre las condiciones especiales en las personas, reafirmando el compromiso [&hellip;]<\/p>\n","protected":false},"author":1,"featured_media":81931,"comment_status":"open","ping_status":"open","sticky":false,"template":"","format":"standard","meta":{"tdm_status":"","tdm_grid_status":"","footnotes":""},"categories":[9],"tags":[],"_links":{"self":[{"href":"https:\/\/pldaldia.com\/portada\/wp-json\/wp\/v2\/posts\/81930"}],"collection":[{"href":"https:\/\/pldaldia.com\/portada\/wp-json\/wp\/v2\/posts"}],"about":[{"href":"https:\/\/pldaldia.com\/portada\/wp-json\/wp\/v2\/types\/post"}],"author":[{"embeddable":true,"href":"https:\/\/pldaldia.com\/portada\/wp-json\/wp\/v2\/users\/1"}],"replies":[{"embeddable":true,"href":"https:\/\/pldaldia.com\/portada\/wp-json\/wp\/v2\/comments?post=81930"}],"version-history":[{"count":1,"href":"https:\/\/pldaldia.com\/portada\/wp-json\/wp\/v2\/posts\/81930\/revisions"}],"predecessor-version":[{"id":81932,"href":"https:\/\/pldaldia.com\/portada\/wp-json\/wp\/v2\/posts\/81930\/revisions\/81932"}],"wp:featuredmedia":[{"embeddable":true,"href":"https:\/\/pldaldia.com\/portada\/wp-json\/wp\/v2\/media\/81931"}],"wp:attachment":[{"href":"https:\/\/pldaldia.com\/portada\/wp-json\/wp\/v2\/media?parent=81930"}],"wp:term":[{"taxonomy":"category","embeddable":true,"href":"https:\/\/pldaldia.com\/portada\/wp-json\/wp\/v2\/categories?post=81930"},{"taxonomy":"post_tag","embeddable":true,"href":"https:\/\/pldaldia.com\/portada\/wp-json\/wp\/v2\/tags?post=81930"}],"curies":[{"name":"wp","href":"https:\/\/api.w.org\/{rel}","templated":true}]}}