{"id":81933,"date":"2025-08-27T10:50:31","date_gmt":"2025-08-27T14:50:31","guid":{"rendered":"https:\/\/pldaldia.com\/portada\/?p=81933"},"modified":"2025-08-27T10:50:31","modified_gmt":"2025-08-27T14:50:31","slug":"stella-maris-una-nueva-diocesis-para-el-gran-santo-domingo","status":"publish","type":"post","link":"https:\/\/pldaldia.com\/portada\/stella-maris-una-nueva-diocesis-para-el-gran-santo-domingo\/","title":{"rendered":"Stella Maris: una nueva di\u00f3cesis para el Gran Santo Domingo"},"content":{"rendered":"<p>Cultos del PLD saluda la creaci\u00f3n de una nueva di\u00f3cesis y la designaci\u00f3n como obispo del sacerdote Manuel Ruiz<\/p>\n<p>La Secretar\u00eda de Cultos del Partido de la Liberaci\u00f3n Dominicana (PLD) salud\u00f3 la decisi\u00f3n del Papa Le\u00f3n XIV creando la Di\u00f3cesis de Stella Maris, que abarca los municipios de Santo Domingo Este, Boca Chica y Guerra y la designaci\u00f3n del Padre Manuel Ruiz como obispo de la nueva demarcaci\u00f3n eclesial.<\/p>\n<p>\u201cEsta decisi\u00f3n del Santo Padre refleja una cercan\u00eda pastoral y un gesto de amor por la Rep\u00fablica Dominicana, en un momento en que el pa\u00eds demanda referentes de credibilidad y compromiso \u00e9tico. El nacimiento de Stella Maris no es un hecho aislado de la din\u00e1mica social: interpela a las instituciones, a los l\u00edderes y a la ciudadan\u00eda sobre la necesidad de transformar la realidad desde valores s\u00f3lidos y humanistas\u201d, escribi\u00f3 Gustavo Guzm\u00e1n, titular de la Secretar\u00eda de Cultos del PLD.<\/p>\n<p>El Papa Le\u00f3n XIV erigi\u00f3 la nueva Di\u00f3cesis de Stella Maris con los municipios de Santo Domingo Este, San Antonio de Guerra y Boca Chica, que anteriormente formaban parte de la Arquidi\u00f3cesis de Santo Domingo, y design\u00f3 como su primer obispo al padre Manuel Antonio Ruiz de la Rosa, explic\u00f3 la iglesia cat\u00f3lica en un comunicado.<\/p>\n<p>\u201cEl Padre Ruiz ha sido reconocido por su sentido pastoral activo, cercano a las comunidades marginadas, y por su voz prof\u00e9tica que denuncia lo incorrecto, lo cual anticipa un liderazgo que no se limitar\u00e1 a lo lit\u00fargico, sino que tambi\u00e9n tendr\u00e1 impacto en la esfera p\u00fablica\u201d, destaca Guzm\u00e1n al valorar al reci\u00e9n designado obispo.<\/p>\n<p>La nueva di\u00f3cesis tendr\u00e1 como catedral la parroquia Stella Maris. En t\u00e9rminos territoriales y poblacionales, se trata de una estructura de peso: 588.87 km 2, con una poblaci\u00f3n de 1, 291,516 habitantes, de los cuales 943,762 son cat\u00f3licos. Su conformaci\u00f3n incluye 64 parroquias, 95 sacerdotes, 39 di\u00e1conos permanentes y 83 religiosas. Estos n\u00fameros reflejan la magnitud de la obra y la responsabilidad que asume la Iglesia en esa zona estrat\u00e9gica del Gran Santo Domingo.<\/p>\n","protected":false},"excerpt":{"rendered":"<p>Cultos del PLD saluda la creaci\u00f3n de una nueva di\u00f3cesis y la designaci\u00f3n como obispo del sacerdote Manuel Ruiz La Secretar\u00eda de Cultos del Partido de la Liberaci\u00f3n Dominicana (PLD) salud\u00f3 la decisi\u00f3n del Papa Le\u00f3n XIV creando la Di\u00f3cesis de Stella Maris, que abarca los municipios de Santo Domingo Este, Boca Chica y Guerra [&hellip;]<\/p>\n","protected":false},"author":1,"featured_media":81934,"comment_status":"open","ping_status":"open","sticky":false,"template":"","format":"standard","meta":{"tdm_status":"","tdm_grid_status":"","footnotes":""},"categories":[9],"tags":[],"_links":{"self":[{"href":"https:\/\/pldaldia.com\/portada\/wp-json\/wp\/v2\/posts\/81933"}],"collection":[{"href":"https:\/\/pldaldia.com\/portada\/wp-json\/wp\/v2\/posts"}],"about":[{"href":"https:\/\/pldaldia.com\/portada\/wp-json\/wp\/v2\/types\/post"}],"author":[{"embeddable":true,"href":"https:\/\/pldaldia.com\/portada\/wp-json\/wp\/v2\/users\/1"}],"replies":[{"embeddable":true,"href":"https:\/\/pldaldia.com\/portada\/wp-json\/wp\/v2\/comments?post=81933"}],"version-history":[{"count":1,"href":"https:\/\/pldaldia.com\/portada\/wp-json\/wp\/v2\/posts\/81933\/revisions"}],"predecessor-version":[{"id":81935,"href":"https:\/\/pldaldia.com\/portada\/wp-json\/wp\/v2\/posts\/81933\/revisions\/81935"}],"wp:featuredmedia":[{"embeddable":true,"href":"https:\/\/pldaldia.com\/portada\/wp-json\/wp\/v2\/media\/81934"}],"wp:attachment":[{"href":"https:\/\/pldaldia.com\/portada\/wp-json\/wp\/v2\/media?parent=81933"}],"wp:term":[{"taxonomy":"category","embeddable":true,"href":"https:\/\/pldaldia.com\/portada\/wp-json\/wp\/v2\/categories?post=81933"},{"taxonomy":"post_tag","embeddable":true,"href":"https:\/\/pldaldia.com\/portada\/wp-json\/wp\/v2\/tags?post=81933"}],"curies":[{"name":"wp","href":"https:\/\/api.w.org\/{rel}","templated":true}]}}