{"id":81939,"date":"2025-08-27T13:23:32","date_gmt":"2025-08-27T17:23:32","guid":{"rendered":"https:\/\/pldaldia.com\/portada\/?p=81939"},"modified":"2025-08-27T13:23:32","modified_gmt":"2025-08-27T17:23:32","slug":"unos-700-mil-ninos-en-edad-escolar-fuera-de-las-aulas","status":"publish","type":"post","link":"https:\/\/pldaldia.com\/portada\/unos-700-mil-ninos-en-edad-escolar-fuera-de-las-aulas\/","title":{"rendered":"Unos 700 mil ni\u00f1os en edad escolar fuera de las aulas"},"content":{"rendered":"<p>El Profesor Radham\u00e9s Camacho lamenta que en el Gobierno del PRM la educaci\u00f3n haya retrocedido tres d\u00e9cadas<\/p>\n<p>El titular de la Secretar\u00eda de Asuntos Magisteriales del Partido de la Liberaci\u00f3n Dominicana (PLD), Radham\u00e9s Camacho, lament\u00f3 que la Rep\u00fablica Dominicana volviera a confrontar dificultades similares a las de hace tres d\u00e9cadas, tales como d\u00e9ficit de aulas, falta de materiales escolares, inseguridad en los centros educativos, carencia de uniformes, insuficiencia de maestros, orientadores y trabajadores sociales.<\/p>\n<p>El ex presidente de la C\u00e1mara de Diputados particip\u00f3 en el programa El Nuevo Diario AM, afirm\u00f3 que esa situaci\u00f3n de malestar le genera gran dolor, ya que los problemas que enfrenta actualmente el sistema educativo ya hab\u00edan sido superados en gestiones anteriores.<\/p>\n<p>\u201cHago referencia al tema con mucho dolor, porque ya eran etapas superadas. La jornada extendida es la acci\u00f3n de mayor contundencia del gobierno de Danilo Medina. Esa acci\u00f3n conect\u00f3 con lo social, con la tranquilidad de las madres que trabajan en hogares\u201d, expres\u00f3 Camacho.<\/p>\n<p>En el conversatorio con los conductores del espacio, reproch\u00f3 que el actual gobierno no haya concluido las m\u00e1s de 11,000 aulas que quedaron iniciadas en la gesti\u00f3n pasada, muchas de ellas con un avance de entre un 80 y 90 %.<\/p>\n<p>Se\u00f1al\u00f3 que la situaci\u00f3n denunciada genera impotencia y frustraci\u00f3n, porque cerca de 700,000 ni\u00f1os en edad escolar est\u00e1n fuera del sistema educativo y alrededor de 250,000 se encuentran en lista de espera.<\/p>\n<p>Se le pregunt\u00f3 sobre el \u201cBono de Mil pesos\u00bb, explicando que dicho bono es un reflejo de falta de planificaci\u00f3n que, evidencia la incapacidad de garantizar un sistema organizado, pese a que el 4 % para la educaci\u00f3n fue establecido desde el 2013.<\/p>\n","protected":false},"excerpt":{"rendered":"<p>El Profesor Radham\u00e9s Camacho lamenta que en el Gobierno del PRM la educaci\u00f3n haya retrocedido tres d\u00e9cadas El titular de la Secretar\u00eda de Asuntos Magisteriales del Partido de la Liberaci\u00f3n Dominicana (PLD), Radham\u00e9s Camacho, lament\u00f3 que la Rep\u00fablica Dominicana volviera a confrontar dificultades similares a las de hace tres d\u00e9cadas, tales como d\u00e9ficit de aulas, [&hellip;]<\/p>\n","protected":false},"author":1,"featured_media":81940,"comment_status":"open","ping_status":"open","sticky":false,"template":"","format":"standard","meta":{"tdm_status":"","tdm_grid_status":"","footnotes":""},"categories":[9],"tags":[],"_links":{"self":[{"href":"https:\/\/pldaldia.com\/portada\/wp-json\/wp\/v2\/posts\/81939"}],"collection":[{"href":"https:\/\/pldaldia.com\/portada\/wp-json\/wp\/v2\/posts"}],"about":[{"href":"https:\/\/pldaldia.com\/portada\/wp-json\/wp\/v2\/types\/post"}],"author":[{"embeddable":true,"href":"https:\/\/pldaldia.com\/portada\/wp-json\/wp\/v2\/users\/1"}],"replies":[{"embeddable":true,"href":"https:\/\/pldaldia.com\/portada\/wp-json\/wp\/v2\/comments?post=81939"}],"version-history":[{"count":1,"href":"https:\/\/pldaldia.com\/portada\/wp-json\/wp\/v2\/posts\/81939\/revisions"}],"predecessor-version":[{"id":81941,"href":"https:\/\/pldaldia.com\/portada\/wp-json\/wp\/v2\/posts\/81939\/revisions\/81941"}],"wp:featuredmedia":[{"embeddable":true,"href":"https:\/\/pldaldia.com\/portada\/wp-json\/wp\/v2\/media\/81940"}],"wp:attachment":[{"href":"https:\/\/pldaldia.com\/portada\/wp-json\/wp\/v2\/media?parent=81939"}],"wp:term":[{"taxonomy":"category","embeddable":true,"href":"https:\/\/pldaldia.com\/portada\/wp-json\/wp\/v2\/categories?post=81939"},{"taxonomy":"post_tag","embeddable":true,"href":"https:\/\/pldaldia.com\/portada\/wp-json\/wp\/v2\/tags?post=81939"}],"curies":[{"name":"wp","href":"https:\/\/api.w.org\/{rel}","templated":true}]}}