{"id":81942,"date":"2025-08-27T13:26:16","date_gmt":"2025-08-27T17:26:16","guid":{"rendered":"https:\/\/pldaldia.com\/portada\/?p=81942"},"modified":"2025-08-27T13:26:27","modified_gmt":"2025-08-27T17:26:27","slug":"regidor-el-prm-en-san-juan-pasa-a-las-filas-del-pld","status":"publish","type":"post","link":"https:\/\/pldaldia.com\/portada\/regidor-el-prm-en-san-juan-pasa-a-las-filas-del-pld\/","title":{"rendered":"Regidor el PRM en San Juan pasa a las filas del PLD"},"content":{"rendered":"<p>Regidor del PRM, Salvador Ram\u00edrez (Cueco) de El Rosario, San Juan de la Maguana, regresa al Partido de la Liberaci\u00f3n Dominicana (PLD)<\/p>\n<p>En un acto celebrado en el local del Partido de la Liberaci\u00f3n Dominicana (PLD), el regidor del distrito municipal El Rosario por el Partido Revolucionario Moderno (PRM), Salvador Ram\u00edrez (Cueco), oficializ\u00f3 su renuncia a esa organizaci\u00f3n pol\u00edtica y se jurament\u00f3 nuevamente en el PLD, marcando su regreso a la casa pol\u00edtica donde inici\u00f3 su trayectoria.<\/p>\n<p><a href=\"http:\/\/vanguardiadelpueblo.do\/wp-content\/uploads\/2025\/08\/WhatsApp-Image-2025-08-27-at-13.24.34_574b717c.jpg\"><img decoding=\"async\" loading=\"lazy\" class=\"alignleft size-medium wp-image-227280\" src=\"http:\/\/vanguardiadelpueblo.do\/wp-content\/uploads\/2025\/08\/WhatsApp-Image-2025-08-27-at-13.24.34_574b717c-480x234.jpg\" alt=\"\" width=\"480\" height=\"234\" \/><\/a>La juramentaci\u00f3n estuvo encabezada por el presidente provincial del PLD, Mauro Pi\u00f1a Bello, acompa\u00f1ado de los miembros del Comit\u00e9 Central, Robert Mesa (presidente distrital), Dioraisis Encarnaci\u00f3n y Digno Jos\u00e9 de los Santos; tambi\u00e9n participaron los vice secretarios Mayra Milagros, Julio Casilla y Luis P\u00e9rez, el vocal Edwin Arias M\u00e9ndez (Chiningo), adem\u00e1s de presidentes de comit\u00e9s intermedios y de base del referido distrito municipal.<\/p>\n<p>Durante sus palabras, Salvador Ram\u00edrez agradeci\u00f3 la apertura y disposici\u00f3n del PLD para recibirlo nuevamente en sus filas, expresando su compromiso de trabajar con entusiasmo y entrega, \u201ccomo desde el primer d\u00eda\u201d, para contribuir al retorno del PLD al poder y a la conducci\u00f3n de los destinos del pa\u00eds.<\/p>\n<p>Al darle la bienvenida, varios dirigentes resaltaron la importancia de su regreso e invitaron a Ram\u00edrez a integrarse de inmediato a los trabajos organizativos que desarrolla el partido en la provincia.<\/p>\n","protected":false},"excerpt":{"rendered":"<p>Regidor del PRM, Salvador Ram\u00edrez (Cueco) de El Rosario, San Juan de la Maguana, regresa al Partido de la Liberaci\u00f3n Dominicana (PLD) En un acto celebrado en el local del Partido de la Liberaci\u00f3n Dominicana (PLD), el regidor del distrito municipal El Rosario por el Partido Revolucionario Moderno (PRM), Salvador Ram\u00edrez (Cueco), oficializ\u00f3 su renuncia [&hellip;]<\/p>\n","protected":false},"author":1,"featured_media":81943,"comment_status":"open","ping_status":"open","sticky":false,"template":"","format":"standard","meta":{"tdm_status":"","tdm_grid_status":"","footnotes":""},"categories":[9],"tags":[],"_links":{"self":[{"href":"https:\/\/pldaldia.com\/portada\/wp-json\/wp\/v2\/posts\/81942"}],"collection":[{"href":"https:\/\/pldaldia.com\/portada\/wp-json\/wp\/v2\/posts"}],"about":[{"href":"https:\/\/pldaldia.com\/portada\/wp-json\/wp\/v2\/types\/post"}],"author":[{"embeddable":true,"href":"https:\/\/pldaldia.com\/portada\/wp-json\/wp\/v2\/users\/1"}],"replies":[{"embeddable":true,"href":"https:\/\/pldaldia.com\/portada\/wp-json\/wp\/v2\/comments?post=81942"}],"version-history":[{"count":2,"href":"https:\/\/pldaldia.com\/portada\/wp-json\/wp\/v2\/posts\/81942\/revisions"}],"predecessor-version":[{"id":81945,"href":"https:\/\/pldaldia.com\/portada\/wp-json\/wp\/v2\/posts\/81942\/revisions\/81945"}],"wp:featuredmedia":[{"embeddable":true,"href":"https:\/\/pldaldia.com\/portada\/wp-json\/wp\/v2\/media\/81943"}],"wp:attachment":[{"href":"https:\/\/pldaldia.com\/portada\/wp-json\/wp\/v2\/media?parent=81942"}],"wp:term":[{"taxonomy":"category","embeddable":true,"href":"https:\/\/pldaldia.com\/portada\/wp-json\/wp\/v2\/categories?post=81942"},{"taxonomy":"post_tag","embeddable":true,"href":"https:\/\/pldaldia.com\/portada\/wp-json\/wp\/v2\/tags?post=81942"}],"curies":[{"name":"wp","href":"https:\/\/api.w.org\/{rel}","templated":true}]}}