{"id":81949,"date":"2025-08-27T18:24:01","date_gmt":"2025-08-27T22:24:01","guid":{"rendered":"https:\/\/pldaldia.com\/portada\/?p=81949"},"modified":"2025-08-27T18:24:01","modified_gmt":"2025-08-27T22:24:01","slug":"garantizar-proteccion-integral-de-ninos-y-ninas","status":"publish","type":"post","link":"https:\/\/pldaldia.com\/portada\/garantizar-proteccion-integral-de-ninos-y-ninas\/","title":{"rendered":"Garantizar  protecci\u00f3n integral de  ni\u00f1os y ni\u00f1as"},"content":{"rendered":"<p>Kenia Lora: \u201cLa dignidad y la protecci\u00f3n de la ni\u00f1ez es una prioridad impostergable.\u201d<\/p>\n<p>Kenia Lora, ex presidenta del Consejo Nacional para la Ni\u00f1ez y la Adolescencia (Conani), lament\u00f3 la tragedia ocurrida en el sector Los Guandules, consider\u00e1ndolo un hecho que alerta sobre la urgencia de garantizar la protecci\u00f3n integral de los ni\u00f1os y ni\u00f1as, as\u00ed como el respeto al dolor de sus familias.<\/p>\n<p>La tambi\u00e9n titular de la Comisi\u00f3n de Ni\u00f1ez del Partido de la Liberaci\u00f3n Dominicana (PLD) indic\u00f3 que el pa\u00eds cuenta con rutas y protocolos claramente establecidos que determinan la actuaci\u00f3n r\u00e1pida y articulada del Conani, el Ministerio P\u00fablico, las juntas locales y otras instancias ante cualquier denuncia o alerta que involucre a un menor de edad en situaci\u00f3n de riesgo.<\/p>\n<p>As\u00ed lo dispone la Ley 136-03, cuyo art\u00edculo 14 reconoce el derecho de todos los ni\u00f1os, ni\u00f1as y adolescentes a que se denuncie cualquier abuso en su contra. \u201cLa ley establece la obligaci\u00f3n de que toda persona con conocimiento o sospecha de abuso denuncie la situaci\u00f3n ante las autoridades competentes\u201d, enfatiz\u00f3 la miembro del Comit\u00e9 Pol\u00edtico del PLD.<\/p>\n<p>\u201cLa tragedia obliga a formular preguntas necesarias: \u00bfSe est\u00e1 invirtiendo lo suficiente en la formaci\u00f3n continua de quienes trabajan en la protecci\u00f3n de la ni\u00f1ez?, \u00bfExisten programas de capacitaci\u00f3n permanentes que aseguren una actuaci\u00f3n sensible y r\u00e1pida del personal encargado?, \u00bfSe cuenta con las herramientas, conocimientos y recursos adecuados para responder de manera oportuna a cada alerta? La vida de un ni\u00f1o no puede depender de tr\u00e1mites burocr\u00e1ticos ni de carencias en la preparaci\u00f3n institucional\u201d, asever\u00f3 Kenia Lora.<\/p>\n<p>La expresidenta del Conani tambi\u00e9n indic\u00f3 que: \u201cLos recientes casos de violencia e infanticidios que han estremecido a la naci\u00f3n ponen de manifiesto tambi\u00e9n la importancia de atender la salud mental de las familias y comunidades, as\u00ed como la necesidad de intervenciones inmediatas, sostenidas y efectivas del Estado para prevenir y dar respuesta a estas situaciones\u201d.<\/p>\n<p> \u201cLa dignidad y la protecci\u00f3n de la ni\u00f1ez deben ser prioridad nacional. Cada vida perdida es un llamado de alerta que exige actuar mejor, con m\u00e1s responsabilidad y a tiempo. La sociedad y sus instituciones est\u00e1n llamadas a garantizar, siempre, el inter\u00e9s superior del ni\u00f1o\u201d, puntualiz\u00f3 Lora.<\/p>\n","protected":false},"excerpt":{"rendered":"<p>Kenia Lora: \u201cLa dignidad y la protecci\u00f3n de la ni\u00f1ez es una prioridad impostergable.\u201d Kenia Lora, ex presidenta del Consejo Nacional para la Ni\u00f1ez y la Adolescencia (Conani), lament\u00f3 la tragedia ocurrida en el sector Los Guandules, consider\u00e1ndolo un hecho que alerta sobre la urgencia de garantizar la protecci\u00f3n integral de los ni\u00f1os y ni\u00f1as, [&hellip;]<\/p>\n","protected":false},"author":1,"featured_media":81950,"comment_status":"open","ping_status":"open","sticky":false,"template":"","format":"standard","meta":{"tdm_status":"","tdm_grid_status":"","footnotes":""},"categories":[9],"tags":[],"_links":{"self":[{"href":"https:\/\/pldaldia.com\/portada\/wp-json\/wp\/v2\/posts\/81949"}],"collection":[{"href":"https:\/\/pldaldia.com\/portada\/wp-json\/wp\/v2\/posts"}],"about":[{"href":"https:\/\/pldaldia.com\/portada\/wp-json\/wp\/v2\/types\/post"}],"author":[{"embeddable":true,"href":"https:\/\/pldaldia.com\/portada\/wp-json\/wp\/v2\/users\/1"}],"replies":[{"embeddable":true,"href":"https:\/\/pldaldia.com\/portada\/wp-json\/wp\/v2\/comments?post=81949"}],"version-history":[{"count":1,"href":"https:\/\/pldaldia.com\/portada\/wp-json\/wp\/v2\/posts\/81949\/revisions"}],"predecessor-version":[{"id":81951,"href":"https:\/\/pldaldia.com\/portada\/wp-json\/wp\/v2\/posts\/81949\/revisions\/81951"}],"wp:featuredmedia":[{"embeddable":true,"href":"https:\/\/pldaldia.com\/portada\/wp-json\/wp\/v2\/media\/81950"}],"wp:attachment":[{"href":"https:\/\/pldaldia.com\/portada\/wp-json\/wp\/v2\/media?parent=81949"}],"wp:term":[{"taxonomy":"category","embeddable":true,"href":"https:\/\/pldaldia.com\/portada\/wp-json\/wp\/v2\/categories?post=81949"},{"taxonomy":"post_tag","embeddable":true,"href":"https:\/\/pldaldia.com\/portada\/wp-json\/wp\/v2\/tags?post=81949"}],"curies":[{"name":"wp","href":"https:\/\/api.w.org\/{rel}","templated":true}]}}