{"id":81953,"date":"2025-08-28T02:31:14","date_gmt":"2025-08-28T06:31:14","guid":{"rendered":"https:\/\/pldaldia.com\/portada\/?p=81953"},"modified":"2025-08-28T02:31:14","modified_gmt":"2025-08-28T06:31:14","slug":"el-papa-leon-xiv-vuelve-a-pedir-el-fin-de-la-guerra-en-gaza","status":"publish","type":"post","link":"https:\/\/pldaldia.com\/portada\/el-papa-leon-xiv-vuelve-a-pedir-el-fin-de-la-guerra-en-gaza\/","title":{"rendered":"El papa Le\u00f3n XIV vuelve a pedir el fin de la guerra en Gaza"},"content":{"rendered":"<p>Al final de su audiencia general, el papa Le\u00f3n XIV pidi\u00f3 este mi\u00e9rcoles, , para que las partes y la comunidad internacional se comprometan \u00aba poner fin al conflicto en Tierra Santa que ha causado tanto terror y muerte\u00bb.<\/p>\n<p>El pont\u00edfice estadounidense implor\u00f3 \u00abpara que todos los rehenes sean liberados, que se alcance un alto el fuego permanente, que se facilite el ingreso seguro de la ayuda humanitaria y que se respete plenamente el derecho humanitario\u00bb.<\/p>\n<p>Noti resumen internacional<\/p>\n<p>El Museo de la Memoria y los Derechos Humanos, de Chile, alista hoy el montaje de la exposici\u00f3n El tiempo entre nosotros, que reconstruye la etapa de la dictadura desde la mirada de los ni\u00f1os y adolescentes.<\/p>\n<p>\u2026\u2026\u2026\u2026.<\/p>\n<p>La reconocida actriz, productora y activista estadounidense Susan Sarandon figura hoy entre los participantes en una nueva flotilla, que partir\u00e1 el 31 de agosto con ayuda humanitaria y un mensaje de solidaridad al pueblo palestino en Gaza.<\/p>\n<p>\u2026\u2026\u2026\u2026..<\/p>\n<p>El gobierno de Francia regresar\u00e1 hoy a la actividad despu\u00e9s de las vacaciones de verano con un Consejo de Ministros marcado por la incertidumbre, ante el riesgo real de la ca\u00edda del primer ministro Fran\u00e7ois Bayrou.<\/p>\n<p>\u2026\u2026\u2026\u2026\u2026<\/p>\n<p>Al celebrarse hoy por vez primera el D\u00eda Mundial de los Lagos, uno de los recursos naturales vitales de nuestro planeta, los expertos llaman a protegerlos del uso excesivo, contaminaci\u00f3n y el cambio clim\u00e1tico.<\/p>\n","protected":false},"excerpt":{"rendered":"<p>Al final de su audiencia general, el papa Le\u00f3n XIV pidi\u00f3 este mi\u00e9rcoles, , para que las partes y la comunidad internacional se comprometan \u00aba poner fin al conflicto en Tierra Santa que ha causado tanto terror y muerte\u00bb. El pont\u00edfice estadounidense implor\u00f3 \u00abpara que todos los rehenes sean liberados, que se alcance un alto [&hellip;]<\/p>\n","protected":false},"author":1,"featured_media":81954,"comment_status":"open","ping_status":"open","sticky":false,"template":"","format":"standard","meta":{"tdm_status":"","tdm_grid_status":"","footnotes":""},"categories":[51],"tags":[],"_links":{"self":[{"href":"https:\/\/pldaldia.com\/portada\/wp-json\/wp\/v2\/posts\/81953"}],"collection":[{"href":"https:\/\/pldaldia.com\/portada\/wp-json\/wp\/v2\/posts"}],"about":[{"href":"https:\/\/pldaldia.com\/portada\/wp-json\/wp\/v2\/types\/post"}],"author":[{"embeddable":true,"href":"https:\/\/pldaldia.com\/portada\/wp-json\/wp\/v2\/users\/1"}],"replies":[{"embeddable":true,"href":"https:\/\/pldaldia.com\/portada\/wp-json\/wp\/v2\/comments?post=81953"}],"version-history":[{"count":1,"href":"https:\/\/pldaldia.com\/portada\/wp-json\/wp\/v2\/posts\/81953\/revisions"}],"predecessor-version":[{"id":81956,"href":"https:\/\/pldaldia.com\/portada\/wp-json\/wp\/v2\/posts\/81953\/revisions\/81956"}],"wp:featuredmedia":[{"embeddable":true,"href":"https:\/\/pldaldia.com\/portada\/wp-json\/wp\/v2\/media\/81954"}],"wp:attachment":[{"href":"https:\/\/pldaldia.com\/portada\/wp-json\/wp\/v2\/media?parent=81953"}],"wp:term":[{"taxonomy":"category","embeddable":true,"href":"https:\/\/pldaldia.com\/portada\/wp-json\/wp\/v2\/categories?post=81953"},{"taxonomy":"post_tag","embeddable":true,"href":"https:\/\/pldaldia.com\/portada\/wp-json\/wp\/v2\/tags?post=81953"}],"curies":[{"name":"wp","href":"https:\/\/api.w.org\/{rel}","templated":true}]}}