{"id":81957,"date":"2025-08-28T02:35:05","date_gmt":"2025-08-28T06:35:05","guid":{"rendered":"https:\/\/pldaldia.com\/portada\/?p=81957"},"modified":"2025-08-28T02:35:05","modified_gmt":"2025-08-28T06:35:05","slug":"preocupaciones-con-el-alza-del-dolar","status":"publish","type":"post","link":"https:\/\/pldaldia.com\/portada\/preocupaciones-con-el-alza-del-dolar\/","title":{"rendered":"Preocupaciones con el alza del d\u00f3lar"},"content":{"rendered":"<p>La Asociaci\u00f3n Nacional de Agencias Distribuidoras de Veh\u00edculos (ANADIVE), mostr\u00f3 preocupaci\u00f3n porque, seg\u00fan dijo, el aumento de la cotizaci\u00f3n del d\u00f3lar en Rep\u00fablica Dominicana afecta ya la comercializaci\u00f3n de estos medios de transporte.<\/p>\n<p>En iguales t\u00e9rminos el presidente de la Confederaci\u00f3n del Comercio de Provisiones y Mipymes (Confecomercio), Gilberto Luna, denunci\u00f3 el alza en la tasa del d\u00f3lar, en los precios de los productos de la canasta familiar y los apagones que se han generado en las \u00faltimos d\u00edas.<\/p>\n<p>El Banco Central de la Rep\u00fablica inform\u00f3 que las tasas de cambio para la compra y venta del D\u00f3lar Estadounidense, para este 26 de agosto de 2025 son de RD$62.6068\/USS y RD$63.0881\/USS.<\/p>\n","protected":false},"excerpt":{"rendered":"<p>La Asociaci\u00f3n Nacional de Agencias Distribuidoras de Veh\u00edculos (ANADIVE), mostr\u00f3 preocupaci\u00f3n porque, seg\u00fan dijo, el aumento de la cotizaci\u00f3n del d\u00f3lar en Rep\u00fablica Dominicana afecta ya la comercializaci\u00f3n de estos medios de transporte. En iguales t\u00e9rminos el presidente de la Confederaci\u00f3n del Comercio de Provisiones y Mipymes (Confecomercio), Gilberto Luna, denunci\u00f3 el alza en la [&hellip;]<\/p>\n","protected":false},"author":1,"featured_media":81955,"comment_status":"open","ping_status":"open","sticky":false,"template":"","format":"standard","meta":{"tdm_status":"","tdm_grid_status":"","footnotes":""},"categories":[50],"tags":[],"_links":{"self":[{"href":"https:\/\/pldaldia.com\/portada\/wp-json\/wp\/v2\/posts\/81957"}],"collection":[{"href":"https:\/\/pldaldia.com\/portada\/wp-json\/wp\/v2\/posts"}],"about":[{"href":"https:\/\/pldaldia.com\/portada\/wp-json\/wp\/v2\/types\/post"}],"author":[{"embeddable":true,"href":"https:\/\/pldaldia.com\/portada\/wp-json\/wp\/v2\/users\/1"}],"replies":[{"embeddable":true,"href":"https:\/\/pldaldia.com\/portada\/wp-json\/wp\/v2\/comments?post=81957"}],"version-history":[{"count":1,"href":"https:\/\/pldaldia.com\/portada\/wp-json\/wp\/v2\/posts\/81957\/revisions"}],"predecessor-version":[{"id":81961,"href":"https:\/\/pldaldia.com\/portada\/wp-json\/wp\/v2\/posts\/81957\/revisions\/81961"}],"wp:featuredmedia":[{"embeddable":true,"href":"https:\/\/pldaldia.com\/portada\/wp-json\/wp\/v2\/media\/81955"}],"wp:attachment":[{"href":"https:\/\/pldaldia.com\/portada\/wp-json\/wp\/v2\/media?parent=81957"}],"wp:term":[{"taxonomy":"category","embeddable":true,"href":"https:\/\/pldaldia.com\/portada\/wp-json\/wp\/v2\/categories?post=81957"},{"taxonomy":"post_tag","embeddable":true,"href":"https:\/\/pldaldia.com\/portada\/wp-json\/wp\/v2\/tags?post=81957"}],"curies":[{"name":"wp","href":"https:\/\/api.w.org\/{rel}","templated":true}]}}