{"id":81963,"date":"2025-08-28T02:38:48","date_gmt":"2025-08-28T06:38:48","guid":{"rendered":"https:\/\/pldaldia.com\/portada\/?p=81963"},"modified":"2025-08-28T02:38:48","modified_gmt":"2025-08-28T06:38:48","slug":"dia-mundial-del-sindrome-de-turner-4","status":"publish","type":"post","link":"https:\/\/pldaldia.com\/portada\/dia-mundial-del-sindrome-de-turner-4\/","title":{"rendered":"D\u00eda Mundial del S\u00edndrome de Turner"},"content":{"rendered":"<p>Cada 28 de agosto se celebra el D\u00eda Mundial del S\u00edndrome de Turner, una enfermedad gen\u00e9tica que afecta solo a mujeres con una incidencia de una cada 2.500 ni\u00f1as.<\/p>\n<p>El objetivo de este d\u00eda es concienciar y sensibilizar a la poblaci\u00f3n sobre esta enfermedad y fomentar la investigaci\u00f3n en este campo.<\/p>\n","protected":false},"excerpt":{"rendered":"<p>Cada 28 de agosto se celebra el D\u00eda Mundial del S\u00edndrome de Turner, una enfermedad gen\u00e9tica que afecta solo a mujeres con una incidencia de una cada 2.500 ni\u00f1as. El objetivo de este d\u00eda es concienciar y sensibilizar a la poblaci\u00f3n sobre esta enfermedad y fomentar la investigaci\u00f3n en este campo.<\/p>\n","protected":false},"author":1,"featured_media":81959,"comment_status":"open","ping_status":"open","sticky":false,"template":"","format":"standard","meta":{"tdm_status":"","tdm_grid_status":"","footnotes":""},"categories":[57],"tags":[],"_links":{"self":[{"href":"https:\/\/pldaldia.com\/portada\/wp-json\/wp\/v2\/posts\/81963"}],"collection":[{"href":"https:\/\/pldaldia.com\/portada\/wp-json\/wp\/v2\/posts"}],"about":[{"href":"https:\/\/pldaldia.com\/portada\/wp-json\/wp\/v2\/types\/post"}],"author":[{"embeddable":true,"href":"https:\/\/pldaldia.com\/portada\/wp-json\/wp\/v2\/users\/1"}],"replies":[{"embeddable":true,"href":"https:\/\/pldaldia.com\/portada\/wp-json\/wp\/v2\/comments?post=81963"}],"version-history":[{"count":1,"href":"https:\/\/pldaldia.com\/portada\/wp-json\/wp\/v2\/posts\/81963\/revisions"}],"predecessor-version":[{"id":81964,"href":"https:\/\/pldaldia.com\/portada\/wp-json\/wp\/v2\/posts\/81963\/revisions\/81964"}],"wp:featuredmedia":[{"embeddable":true,"href":"https:\/\/pldaldia.com\/portada\/wp-json\/wp\/v2\/media\/81959"}],"wp:attachment":[{"href":"https:\/\/pldaldia.com\/portada\/wp-json\/wp\/v2\/media?parent=81963"}],"wp:term":[{"taxonomy":"category","embeddable":true,"href":"https:\/\/pldaldia.com\/portada\/wp-json\/wp\/v2\/categories?post=81963"},{"taxonomy":"post_tag","embeddable":true,"href":"https:\/\/pldaldia.com\/portada\/wp-json\/wp\/v2\/tags?post=81963"}],"curies":[{"name":"wp","href":"https:\/\/api.w.org\/{rel}","templated":true}]}}