{"id":81968,"date":"2025-08-28T11:04:07","date_gmt":"2025-08-28T15:04:07","guid":{"rendered":"https:\/\/pldaldia.com\/portada\/?p=81968"},"modified":"2025-08-28T11:04:07","modified_gmt":"2025-08-28T15:04:07","slug":"la-unidad-en-el-pld-es-esencial-para-la-conquista-de-nuevos-triunfos","status":"publish","type":"post","link":"https:\/\/pldaldia.com\/portada\/la-unidad-en-el-pld-es-esencial-para-la-conquista-de-nuevos-triunfos\/","title":{"rendered":"La unidad en el PLD es esencial para la conquista de nuevos triunfos"},"content":{"rendered":"<p>Radham\u00e9s Camacho: \u201cHa sido traum\u00e1tico el inicio del a\u00f1o escolar, con lo que se confirma la improvisaci\u00f3n y desatenci\u00f3n del gobierno del PRM al sector\u201d<\/p>\n<p>El profesor Radham\u00e9s Camacho lament\u00f3 el pobre respaldo que ha dado el Gobierno del PRM al sector educativo nacional, lo que se refleja en lo traum\u00e1tico que ha sido para padres, madres y alumnos, la apertura del a\u00f1o escolar.<\/p>\n<p><a href=\"http:\/\/vanguardiadelpueblo.do\/wp-content\/uploads\/2025\/08\/WhatsApp-Image-2025-08-28-at-10.58.16_c73f311e.jpg\"><img decoding=\"async\" loading=\"lazy\" class=\"alignleft size-medium wp-image-227313\" src=\"http:\/\/vanguardiadelpueblo.do\/wp-content\/uploads\/2025\/08\/WhatsApp-Image-2025-08-28-at-10.58.16_c73f311e-462x320.jpg\" alt=\"\" width=\"462\" height=\"320\" \/><\/a>Conversando en el foro Conciencia Pelede\u00edsta, un encuentro con dirigentes del Partido de la Liberaci\u00f3n Dominicana en el municipio Santo Domingo Oeste, Camacho reiter\u00f3 que, a pesar de tener los recursos, no se ha construido las aulas necesarias para el ingreso de ni\u00f1os y ni\u00f1as a las escuelas.<\/p>\n<p>Critic\u00f3 que el actual gobierno no haya concluido las m\u00e1s de once mil aulas que quedaron iniciadas en la gesti\u00f3n del presidente Danilo Medina; muchas de ellas con un avance de entre un 80 y 90 %.<\/p>\n<p>Radham\u00e9s Camacho fue el invitado de la XI Entrega de la Pe\u00f1a Pol\u00edtica Conciencia Pelede\u00edsta, que se lleva a cabo cada semana en un establecimiento del municipio Santo Domingo Oeste.<\/p>\n<p>En el encuentro moderado por Dilen Montero, quien es el titular de la Secretar\u00eda de Participaci\u00f3n Comunitaria del PLD, Camacho, quien es miembro del Comit\u00e9 Pol\u00edtico del PLD, abord\u00f3 tambi\u00e9n los temas propios del partido morado.<\/p>\n<p>Destac\u00f3 el impacto alcanzado por las asambleas provinciales de la organizaci\u00f3n, encabezadas por Danilo Medina, Presidente del PLD; y Johnny Pujols, Secretario General, que han dinamizado el Partido y tienen a \u201ccompa\u00f1eros y compa\u00f1eras en las calles, tocando puertas y trabajando por el fortalecimiento de la organizaci\u00f3n\u201d.<\/p>\n<p><a href=\"http:\/\/vanguardiadelpueblo.do\/wp-content\/uploads\/2025\/08\/WhatsApp-Image-2025-08-28-at-10.58.16_91f3d0e9.jpg\"><img decoding=\"async\" loading=\"lazy\" class=\"size-medium wp-image-227311 alignright\" src=\"http:\/\/vanguardiadelpueblo.do\/wp-content\/uploads\/2025\/08\/WhatsApp-Image-2025-08-28-at-10.58.16_91f3d0e9-480x298.jpg\" alt=\"\" width=\"480\" height=\"298\" \/><\/a>A prop\u00f3sito del inicio del a\u00f1o escolar, el tambi\u00e9n coordinador general de la corriente magisterial Eugenio Mar\u00eda de Hostos destac\u00f3 los desaf\u00edos y oportunidades de la educaci\u00f3n, el magisterio y las luchas gremiales alrededor del sector educativo.<\/p>\n<p>En su mensaje al PLD, Camacho reflexion\u00f3 sobre la importancia de trabajar vehementemente en las estructuras partidaria, basados en tolerancia, respeto y sentido de cuerpo; \u201cel partido somos todos, y debemos luchar para la cohesi\u00f3n y unidad partidaria que necesitamos para ganar las batallas venideras\u201d, afirm\u00f3.<\/p>\n<p>Al encuentro asistieron dirigentes del PLD en el municipio Santo Domingo Oeste, entre ellos los dirigentes del magisterio, con militancia y compromiso partidario en el PLD.<\/p>\n<p>Los coordinadores de la Pe\u00f1a Pol\u00edtica Conciencia Pelede\u00edsta la definen como una iniciativa de formaci\u00f3n, integraci\u00f3n y fortalecimiento del compromiso partidario; en la que se promueve la participaci\u00f3n y el debate de las ideas en el PLD.<\/p>\n","protected":false},"excerpt":{"rendered":"<p>Radham\u00e9s Camacho: \u201cHa sido traum\u00e1tico el inicio del a\u00f1o escolar, con lo que se confirma la improvisaci\u00f3n y desatenci\u00f3n del gobierno del PRM al sector\u201d El profesor Radham\u00e9s Camacho lament\u00f3 el pobre respaldo que ha dado el Gobierno del PRM al sector educativo nacional, lo que se refleja en lo traum\u00e1tico que ha sido para [&hellip;]<\/p>\n","protected":false},"author":1,"featured_media":81969,"comment_status":"open","ping_status":"open","sticky":false,"template":"","format":"standard","meta":{"tdm_status":"","tdm_grid_status":"","footnotes":""},"categories":[9],"tags":[],"_links":{"self":[{"href":"https:\/\/pldaldia.com\/portada\/wp-json\/wp\/v2\/posts\/81968"}],"collection":[{"href":"https:\/\/pldaldia.com\/portada\/wp-json\/wp\/v2\/posts"}],"about":[{"href":"https:\/\/pldaldia.com\/portada\/wp-json\/wp\/v2\/types\/post"}],"author":[{"embeddable":true,"href":"https:\/\/pldaldia.com\/portada\/wp-json\/wp\/v2\/users\/1"}],"replies":[{"embeddable":true,"href":"https:\/\/pldaldia.com\/portada\/wp-json\/wp\/v2\/comments?post=81968"}],"version-history":[{"count":1,"href":"https:\/\/pldaldia.com\/portada\/wp-json\/wp\/v2\/posts\/81968\/revisions"}],"predecessor-version":[{"id":81970,"href":"https:\/\/pldaldia.com\/portada\/wp-json\/wp\/v2\/posts\/81968\/revisions\/81970"}],"wp:featuredmedia":[{"embeddable":true,"href":"https:\/\/pldaldia.com\/portada\/wp-json\/wp\/v2\/media\/81969"}],"wp:attachment":[{"href":"https:\/\/pldaldia.com\/portada\/wp-json\/wp\/v2\/media?parent=81968"}],"wp:term":[{"taxonomy":"category","embeddable":true,"href":"https:\/\/pldaldia.com\/portada\/wp-json\/wp\/v2\/categories?post=81968"},{"taxonomy":"post_tag","embeddable":true,"href":"https:\/\/pldaldia.com\/portada\/wp-json\/wp\/v2\/tags?post=81968"}],"curies":[{"name":"wp","href":"https:\/\/api.w.org\/{rel}","templated":true}]}}