{"id":81974,"date":"2025-08-28T13:13:41","date_gmt":"2025-08-28T17:13:41","guid":{"rendered":"https:\/\/pldaldia.com\/portada\/?p=81974"},"modified":"2025-08-28T13:13:41","modified_gmt":"2025-08-28T17:13:41","slug":"pld-fortalece-organizacion-gremial","status":"publish","type":"post","link":"https:\/\/pldaldia.com\/portada\/pld-fortalece-organizacion-gremial\/","title":{"rendered":"PLD fortalece organizaci\u00f3n gremial"},"content":{"rendered":"<p>\u201cEstamos trabajando para que cada corriente gremial fortalezca su estructura y aporte al crecimiento institucional del PLD\u201d, expres\u00f3 Francisco Mosquea, titular de la SAGP.<\/p>\n<p>La Secretar\u00eda de Asuntos Gremiales y Profesionales (SAGP) del Partido de la Liberaci\u00f3n Dominicana (PLD) celebr\u00f3 su reuni\u00f3n ordinaria correspondiente al mes de agosto, reafirmando su compromiso con el fortalecimiento y la participaci\u00f3n activa de los gremios profesionales en el quehacer pol\u00edtico y social del pa\u00eds.<\/p>\n<p><a href=\"http:\/\/vanguardiadelpueblo.do\/wp-content\/uploads\/2025\/08\/fa7539c9-c85f-4d7a-bab6-13d93bcb5c38-scaled.jpeg\"><img decoding=\"async\" loading=\"lazy\" class=\"alignleft size-medium wp-image-227321\" src=\"http:\/\/vanguardiadelpueblo.do\/wp-content\/uploads\/2025\/08\/fa7539c9-c85f-4d7a-bab6-13d93bcb5c38-480x196.jpeg\" alt=\"\" width=\"480\" height=\"196\" \/><\/a>La jornada de trabajo fue encabezada por Francisco Mosquea, titular de la SAGP, acompa\u00f1ado por los coordinadores de corrientes gremiales y subsecretarios, quienes revisaron el avance de las acciones contempladas en el plan de trabajo previamente aprobado por el organismo.<\/p>\n<p>En el encuentro se anunci\u00f3 la pr\u00f3xima asamblea regional de Dignidad Jur\u00eddica, a celebrarse este viernes 29 en la provincia San Juan, incluyendo a la provincia El\u00edas Pi\u00f1a.<\/p>\n<p>En dicho espacio, los abogados miembros del PLD proceder\u00e1n a la elecci\u00f3n de sus directivas provinciales y regionales, fortaleciendo la representatividad y la organizaci\u00f3n del sector jur\u00eddico pelede\u00edsta.<\/p>\n<p><a href=\"http:\/\/vanguardiadelpueblo.do\/wp-content\/uploads\/2025\/08\/0bf41b5b-6798-4480-8933-816206640c6f.jpeg\"><img decoding=\"async\" loading=\"lazy\" class=\"alignright size-medium wp-image-227320\" src=\"http:\/\/vanguardiadelpueblo.do\/wp-content\/uploads\/2025\/08\/0bf41b5b-6798-4480-8933-816206640c6f-340x320.jpeg\" alt=\"\" width=\"340\" height=\"320\" \/><\/a>De igual forma, se inform\u00f3 que para el lunes 8 de septiembre la SAGP est\u00e1 convocando a una gran asamblea, en la cual cada corriente gremial de la Secretar\u00eda presentar\u00e1 su equipo coordinador debidamente conformado.<\/p>\n<p>Esta actividad contar\u00e1 con la presencia de Johnny Pujols, Secretario General del PLD, y de Iv\u00e1n Lorenzo, Vicepresidente del partido, como muestra del respaldo de la direcci\u00f3n pol\u00edtica a los gremios organizados.<\/p>\n<p>Francisco Mosquea manifest\u00f3 que estas acciones, acordadas en un ambiente de participaci\u00f3n democr\u00e1tica, reflejan la firme voluntad del PLD de consolidar la unidad y el liderazgo de sus profesionales y t\u00e9cnicos en cada espacio de la vida nacional.<\/p>\n","protected":false},"excerpt":{"rendered":"<p>\u201cEstamos trabajando para que cada corriente gremial fortalezca su estructura y aporte al crecimiento institucional del PLD\u201d, expres\u00f3 Francisco Mosquea, titular de la SAGP. La Secretar\u00eda de Asuntos Gremiales y Profesionales (SAGP) del Partido de la Liberaci\u00f3n Dominicana (PLD) celebr\u00f3 su reuni\u00f3n ordinaria correspondiente al mes de agosto, reafirmando su compromiso con el fortalecimiento y [&hellip;]<\/p>\n","protected":false},"author":1,"featured_media":81975,"comment_status":"open","ping_status":"open","sticky":false,"template":"","format":"standard","meta":{"tdm_status":"","tdm_grid_status":"","footnotes":""},"categories":[9],"tags":[],"_links":{"self":[{"href":"https:\/\/pldaldia.com\/portada\/wp-json\/wp\/v2\/posts\/81974"}],"collection":[{"href":"https:\/\/pldaldia.com\/portada\/wp-json\/wp\/v2\/posts"}],"about":[{"href":"https:\/\/pldaldia.com\/portada\/wp-json\/wp\/v2\/types\/post"}],"author":[{"embeddable":true,"href":"https:\/\/pldaldia.com\/portada\/wp-json\/wp\/v2\/users\/1"}],"replies":[{"embeddable":true,"href":"https:\/\/pldaldia.com\/portada\/wp-json\/wp\/v2\/comments?post=81974"}],"version-history":[{"count":1,"href":"https:\/\/pldaldia.com\/portada\/wp-json\/wp\/v2\/posts\/81974\/revisions"}],"predecessor-version":[{"id":81976,"href":"https:\/\/pldaldia.com\/portada\/wp-json\/wp\/v2\/posts\/81974\/revisions\/81976"}],"wp:featuredmedia":[{"embeddable":true,"href":"https:\/\/pldaldia.com\/portada\/wp-json\/wp\/v2\/media\/81975"}],"wp:attachment":[{"href":"https:\/\/pldaldia.com\/portada\/wp-json\/wp\/v2\/media?parent=81974"}],"wp:term":[{"taxonomy":"category","embeddable":true,"href":"https:\/\/pldaldia.com\/portada\/wp-json\/wp\/v2\/categories?post=81974"},{"taxonomy":"post_tag","embeddable":true,"href":"https:\/\/pldaldia.com\/portada\/wp-json\/wp\/v2\/tags?post=81974"}],"curies":[{"name":"wp","href":"https:\/\/api.w.org\/{rel}","templated":true}]}}