{"id":81992,"date":"2025-08-29T11:32:54","date_gmt":"2025-08-29T15:32:54","guid":{"rendered":"https:\/\/pldaldia.com\/portada\/?p=81992"},"modified":"2025-08-29T11:32:54","modified_gmt":"2025-08-29T15:32:54","slug":"el-pld-tiene-asamblea-provincial-este-domingo-en-monte-plata","status":"publish","type":"post","link":"https:\/\/pldaldia.com\/portada\/el-pld-tiene-asamblea-provincial-este-domingo-en-monte-plata\/","title":{"rendered":"El PLD tiene Asamblea Provincial este domingo en Monte Plata"},"content":{"rendered":"<p>Danilo Medina estar\u00e1 este domingo en Monte Plata junto al secretario general del PLD, Johnny Pujols encabezando la asamblea provincial del PLD<\/p>\n<p>El Partido de la Liberaci\u00f3n Dominicana (PLD) tiene programado para este domingo la asamblea de sus dirigentes en la provincia Monte Plata, la que ser\u00e1 encabezada por el ex presidente Danilo Medina, presidente del PLD y Johnny Pujols, su secretario general.<\/p>\n<p>El encuentro, al que asistir\u00e1n miembros y dirigentes de la organizaci\u00f3n pol\u00edtica, est\u00e1 pautado para iniciar a las 10.00 de la ma\u00f1ana, en el local de la Asociaci\u00f3n de Ganaderos de Monte Plata, ubicado en el municipio cabecera.<\/p>\n<p>A la asamblea del domingo le han antecedido reuniones previas de motivaci\u00f3n y planificaci\u00f3n de la actividad, realizadas en todos los municipios y distritos municipales, que componen la denominada provincia Esmeralda.<\/p>\n<p>En la agenda que gu\u00eda la asamblea se confirman las intervenciones de la dirigencia local y nacional, incluyendo las palabras centrales a cargo del presidente del PLD, Danilo Medina.<\/p>\n<p>Por decisi\u00f3n de su Comit\u00e9 Pol\u00edtico, el PLD viene desarrollando estas asambleas provinciales a la par del impulso de su nueva l\u00ednea organizativa, que ahora est\u00e1 vinculada a los colegios y recintos electorales.<\/p>\n<p>Junto a la representaci\u00f3n provincial, el equipo operativo del PLD iniciar\u00e1 los preparativos del escenario desde el s\u00e1bado anterior.<\/p>\n","protected":false},"excerpt":{"rendered":"<p>Danilo Medina estar\u00e1 este domingo en Monte Plata junto al secretario general del PLD, Johnny Pujols encabezando la asamblea provincial del PLD El Partido de la Liberaci\u00f3n Dominicana (PLD) tiene programado para este domingo la asamblea de sus dirigentes en la provincia Monte Plata, la que ser\u00e1 encabezada por el ex presidente Danilo Medina, presidente [&hellip;]<\/p>\n","protected":false},"author":1,"featured_media":81993,"comment_status":"open","ping_status":"open","sticky":false,"template":"","format":"standard","meta":{"tdm_status":"","tdm_grid_status":"","footnotes":""},"categories":[9],"tags":[],"_links":{"self":[{"href":"https:\/\/pldaldia.com\/portada\/wp-json\/wp\/v2\/posts\/81992"}],"collection":[{"href":"https:\/\/pldaldia.com\/portada\/wp-json\/wp\/v2\/posts"}],"about":[{"href":"https:\/\/pldaldia.com\/portada\/wp-json\/wp\/v2\/types\/post"}],"author":[{"embeddable":true,"href":"https:\/\/pldaldia.com\/portada\/wp-json\/wp\/v2\/users\/1"}],"replies":[{"embeddable":true,"href":"https:\/\/pldaldia.com\/portada\/wp-json\/wp\/v2\/comments?post=81992"}],"version-history":[{"count":1,"href":"https:\/\/pldaldia.com\/portada\/wp-json\/wp\/v2\/posts\/81992\/revisions"}],"predecessor-version":[{"id":81994,"href":"https:\/\/pldaldia.com\/portada\/wp-json\/wp\/v2\/posts\/81992\/revisions\/81994"}],"wp:featuredmedia":[{"embeddable":true,"href":"https:\/\/pldaldia.com\/portada\/wp-json\/wp\/v2\/media\/81993"}],"wp:attachment":[{"href":"https:\/\/pldaldia.com\/portada\/wp-json\/wp\/v2\/media?parent=81992"}],"wp:term":[{"taxonomy":"category","embeddable":true,"href":"https:\/\/pldaldia.com\/portada\/wp-json\/wp\/v2\/categories?post=81992"},{"taxonomy":"post_tag","embeddable":true,"href":"https:\/\/pldaldia.com\/portada\/wp-json\/wp\/v2\/tags?post=81992"}],"curies":[{"name":"wp","href":"https:\/\/api.w.org\/{rel}","templated":true}]}}