{"id":81999,"date":"2025-08-29T12:55:40","date_gmt":"2025-08-29T16:55:40","guid":{"rendered":"https:\/\/pldaldia.com\/portada\/?p=81999"},"modified":"2025-08-29T12:55:40","modified_gmt":"2025-08-29T16:55:40","slug":"desmiente-version-oficial-y-defiende-legado-del-pld-en-bohechio","status":"publish","type":"post","link":"https:\/\/pldaldia.com\/portada\/desmiente-version-oficial-y-defiende-legado-del-pld-en-bohechio\/","title":{"rendered":"Desmiente versi\u00f3n oficial y defiende legado del PLD en Bohechio"},"content":{"rendered":"<p>\u201cNo es cierto que esa obra es de ustedes desde el inicio hasta el final. Ese centro educativo fue una iniciativa del gobierno del PLD, encabezado por Danilo Medina.\u201d, Carlos Segura Foster.<\/p>\n<p>El ex administrador del Banco Agr\u00edcola y miembro del Comit\u00e9 Central del Partido de la Liberaci\u00f3n Dominicana (PLD), Carlos Segura Foster, calific\u00f3 como \u201cfalsedades y yerros\u201d las declaraciones del gobierno actual sobre el origen y destino del centro educativo ubicado en Bohechio, San Juan.<\/p>\n<p>A trav\u00e9s de su cuenta en la red social X (@segurafoster), Segura Foster desmantel\u00f3, punto por punto, la narrativa oficial que adjudica al actual gobierno la creaci\u00f3n del recinto universitario, y record\u00f3 que tanto la iniciativa como la ejecuci\u00f3n de la obra son fruto del gobierno pelede\u00edsta, bajo la conducci\u00f3n de Danilo Medina, \u201chijo pr\u00f3digo de la zona\u201d.<\/p>\n<p>\u201cNo es cierto que esa obra es de ustedes desde el inicio hasta el final. Ese centro educativo fue una iniciativa del gobierno del PLD\u201d, sentenci\u00f3 Segura Foster, detallando que los terrenos y edificaciones utilizadas provienen del antiguo campamento de los constructores de la presa de Palomino, reacondicionados especialmente para la UPTEDA y el INFOTEP, dotados adem\u00e1s de un dispensario m\u00e9dico que fue vital durante la pandemia del COVID-19.<\/p>\n<p>El dirigente cuestion\u00f3 la decisi\u00f3n de transferir el centro a una universidad privada, ISA, en vez de mantenerlo bajo el amparo p\u00fablico, bien como parte de la UASD, que ya opera carreras similares en la provincia, o como extensi\u00f3n de los servicios comunitarios que tradicionalmente impulsaba el Estado en la zona.<\/p>\n<p>\u201cSi funcion\u00f3 bien bajo la tutela de entidades oficiales, \u00bfqu\u00e9 explica su traspaso a una universidad privada? \u00bfNo era conveniente dejarla como instituci\u00f3n p\u00fablica al servicio de la comunidad o ponerla bajo la operatividad como parte de la extensi\u00f3n de la UASD?\u201d, pregunt\u00f3, dejando en el aire la sospecha de intereses ajenos al bien com\u00fan.<\/p>\n<p>Segura Foster denunci\u00f3 adem\u00e1s que el traspaso ocurri\u00f3 en medio de conflictos internos en la instituci\u00f3n privada, incluyendo la creaci\u00f3n de una inmobiliaria para vender terrenos donados, hechos que \u2014seg\u00fan sus palabras\u2014 \u201cno pueden ni deben borrarse de la memoria colectiva\u201d.<\/p>\n<p>El exfuncionario arremeti\u00f3 contra quienes minimizan a los productores rurales de la zona, formados para proteger los bosques y las cuencas, y denunci\u00f3 la tendencia de los actuales responsables de \u201capoyar a los ricos y abrir las puertas a los popis\u201d, mientras se relega a los pobres a un segundo plano.<\/p>\n<p>\u201cTrataron de eliminar las im\u00e1genes, pero tenemos plantas y archivos guardados. Vean im\u00e1genes y publicaciones importantes adicionales a otras presentadas anteriormente. La VERDAD vence MENTIRAS. Veamos\u201d, desafi\u00f3, aportando documentaci\u00f3n y evidencias para desmontar lo que considera una \u201cmitoman\u00eda\u201d gubernamental.<\/p>\n<p>Finalmente, Segura Foster llam\u00f3 a la ciudadan\u00eda a buscar la verdad m\u00e1s all\u00e1 de la propaganda, recordando que las obras del PLD, y en especial los programas sociales impulsados por Danilo Medina, \u201cno se pueden borrar ni hacer olvidar\u201d.<\/p>\n","protected":false},"excerpt":{"rendered":"<p>\u201cNo es cierto que esa obra es de ustedes desde el inicio hasta el final. Ese centro educativo fue una iniciativa del gobierno del PLD, encabezado por Danilo Medina.\u201d, Carlos Segura Foster. El ex administrador del Banco Agr\u00edcola y miembro del Comit\u00e9 Central del Partido de la Liberaci\u00f3n Dominicana (PLD), Carlos Segura Foster, calific\u00f3 como [&hellip;]<\/p>\n","protected":false},"author":1,"featured_media":82000,"comment_status":"open","ping_status":"open","sticky":false,"template":"","format":"standard","meta":{"tdm_status":"","tdm_grid_status":"","footnotes":""},"categories":[9],"tags":[],"_links":{"self":[{"href":"https:\/\/pldaldia.com\/portada\/wp-json\/wp\/v2\/posts\/81999"}],"collection":[{"href":"https:\/\/pldaldia.com\/portada\/wp-json\/wp\/v2\/posts"}],"about":[{"href":"https:\/\/pldaldia.com\/portada\/wp-json\/wp\/v2\/types\/post"}],"author":[{"embeddable":true,"href":"https:\/\/pldaldia.com\/portada\/wp-json\/wp\/v2\/users\/1"}],"replies":[{"embeddable":true,"href":"https:\/\/pldaldia.com\/portada\/wp-json\/wp\/v2\/comments?post=81999"}],"version-history":[{"count":1,"href":"https:\/\/pldaldia.com\/portada\/wp-json\/wp\/v2\/posts\/81999\/revisions"}],"predecessor-version":[{"id":82001,"href":"https:\/\/pldaldia.com\/portada\/wp-json\/wp\/v2\/posts\/81999\/revisions\/82001"}],"wp:featuredmedia":[{"embeddable":true,"href":"https:\/\/pldaldia.com\/portada\/wp-json\/wp\/v2\/media\/82000"}],"wp:attachment":[{"href":"https:\/\/pldaldia.com\/portada\/wp-json\/wp\/v2\/media?parent=81999"}],"wp:term":[{"taxonomy":"category","embeddable":true,"href":"https:\/\/pldaldia.com\/portada\/wp-json\/wp\/v2\/categories?post=81999"},{"taxonomy":"post_tag","embeddable":true,"href":"https:\/\/pldaldia.com\/portada\/wp-json\/wp\/v2\/tags?post=81999"}],"curies":[{"name":"wp","href":"https:\/\/api.w.org\/{rel}","templated":true}]}}