{"id":82002,"date":"2025-08-29T15:43:33","date_gmt":"2025-08-29T19:43:33","guid":{"rendered":"https:\/\/pldaldia.com\/portada\/?p=82002"},"modified":"2025-08-29T15:43:33","modified_gmt":"2025-08-29T19:43:33","slug":"pld-avanza-en-la-implementacion-de-su-nueva-linea-organizativa","status":"publish","type":"post","link":"https:\/\/pldaldia.com\/portada\/pld-avanza-en-la-implementacion-de-su-nueva-linea-organizativa\/","title":{"rendered":"PLD avanza en la implementaci\u00f3n de su nueva L\u00ednea Organizativa"},"content":{"rendered":"<p>Comisi\u00f3n de Implementaci\u00f3n de la L\u00ednea Organizativa y Electoral del PLD (LOE) explica novedades de la Plataforma Digital para el registro de miembros<\/p>\n<p>Rub\u00e9n Bichara, coordinador de la Comisi\u00f3n de Implementaci\u00f3n de la L\u00ednea Organizativa y Electoral del Partido de la Liberaci\u00f3n Dominicana (PLD, resalt\u00f3 la experiencia de la organizaci\u00f3n pol\u00edtica, superando momentos de dificultades, apelando a la unidad partidaria, que es un asunto de Principio en el PLD.<\/p>\n<p><a href=\"http:\/\/vanguardiadelpueblo.do\/wp-content\/uploads\/2025\/08\/WhatsApp-Image-2025-08-29-at-3.24.39-PM.jpeg\"><img decoding=\"async\" loading=\"lazy\" class=\"alignright wp-image-227367 size-medium\" src=\"http:\/\/vanguardiadelpueblo.do\/wp-content\/uploads\/2025\/08\/WhatsApp-Image-2025-08-29-at-3.24.39-PM-480x269.jpeg\" alt=\"\" width=\"480\" height=\"269\" \/><\/a>Hizo alusi\u00f3n a la situaci\u00f3n de coyunturas pol\u00edticas dif\u00edciles, de las cuales la organizaci\u00f3n ha salido fortalecida y empoderada en el electorado nacional.<\/p>\n<p>Con esta reflexi\u00f3n Bichara exhort\u00f3 a los dirigentes nacionales del PLD quienes participaron en la asamblea realizada este viernes en la Casa Nacional Reinaldo Pared P\u00e9rez, a aplicar al pie de la letra lo explicado con relaci\u00f3n a la plataforma digital para implementar la nueva L\u00ednea Organizativa Electoral.<\/p>\n<p><a href=\"http:\/\/vanguardiadelpueblo.do\/wp-content\/uploads\/2025\/08\/WhatsApp-Image-2025-08-29-at-3.24.59-PM-1.jpeg\"><img decoding=\"async\" loading=\"lazy\" class=\"wp-image-227364 size-medium alignleft\" src=\"http:\/\/vanguardiadelpueblo.do\/wp-content\/uploads\/2025\/08\/WhatsApp-Image-2025-08-29-at-3.24.59-PM-1-480x266.jpeg\" alt=\"\" width=\"480\" height=\"266\" \/><\/a>Al encuentro asistieron miembros del Comit\u00e9 Pol\u00edtico, que son enlaces supervisores en regiones y provincias, los presidentes provinciales, municipales, de distritos municipales y de circunscripciones electorales, as\u00ed como los enlaces de dichas demarcaciones.<\/p>\n<p>Johnny Pujols, secretario general del PLD, encabez\u00f3 la mesa de direcci\u00f3n de la asamblea junto a Cristina Lizardo, presidenta de la provincia Santo Domingo, Rub\u00e9n Bichara, Danilo D\u00edaz, Mayobanex Escoto, Domingo Jim\u00e9nez, Alexis Lantigua, Miriam Cabral y Emerson Vegazo, todos miembros de la comisi\u00f3n de la LOE y Melanio Paredes, Enlace en la Circunscripci\u00f3n Uno del Distrito Nacional, quien pronunci\u00f3 las palabras de bienvenida.<\/p>\n<p><a href=\"http:\/\/vanguardiadelpueblo.do\/wp-content\/uploads\/2025\/08\/WhatsApp-Image-2025-08-29-at-3.24.59-PM-2.jpeg\"><img decoding=\"async\" loading=\"lazy\" class=\"wp-image-227363 size-medium alignright\" src=\"http:\/\/vanguardiadelpueblo.do\/wp-content\/uploads\/2025\/08\/WhatsApp-Image-2025-08-29-at-3.24.59-PM-2-480x230.jpeg\" alt=\"\" width=\"480\" height=\"230\" \/><\/a>Danilo D\u00edaz, con las im\u00e1genes gr\u00e1ficas correspondientes, explic\u00f3 paso por paso los procedimientos de la Plataforma Digital para el registro de miembros y dirigentes del PLD y luego respondi\u00f3 las preguntas que le formularon sobre el funcionamiento de dicha herramienta.<\/p>\n<p><a href=\"http:\/\/vanguardiadelpueblo.do\/wp-content\/uploads\/2025\/08\/WhatsApp-Image-2025-08-29-at-3.24.58-PM.jpeg\"><img decoding=\"async\" loading=\"lazy\" class=\"wp-image-227366 size-medium alignleft\" src=\"http:\/\/vanguardiadelpueblo.do\/wp-content\/uploads\/2025\/08\/WhatsApp-Image-2025-08-29-at-3.24.58-PM-480x164.jpeg\" alt=\"\" width=\"480\" height=\"164\" \/><\/a>Mayobanex Escoto, secretario de Organizaci\u00f3n, ofreci\u00f3 las explicaciones para completar los Comit\u00e9s de Base y Domingo Jim\u00e9nez de la TICs, inform\u00f3 sobre las facilidades para brindar el soporte t\u00e9cnico a los usuarios de la plataforma.<\/p>\n<p><a href=\"http:\/\/vanguardiadelpueblo.do\/wp-content\/uploads\/2025\/08\/WhatsApp-Image-2025-08-29-at-3.24.59-PM.jpeg\"><img decoding=\"async\" loading=\"lazy\" class=\"wp-image-227365 size-medium alignright\" src=\"http:\/\/vanguardiadelpueblo.do\/wp-content\/uploads\/2025\/08\/WhatsApp-Image-2025-08-29-at-3.24.59-PM-480x166.jpeg\" alt=\"\" width=\"480\" height=\"166\" \/><\/a>La participaci\u00f3n de los dirigentes en asamblea coincidi\u00f3 en destacar la necesidad de concentrar el trabajo para fortalecer el PLD y prepararlo para el triunfo electoral en el 2028.<\/p>\n","protected":false},"excerpt":{"rendered":"<p>Comisi\u00f3n de Implementaci\u00f3n de la L\u00ednea Organizativa y Electoral del PLD (LOE) explica novedades de la Plataforma Digital para el registro de miembros Rub\u00e9n Bichara, coordinador de la Comisi\u00f3n de Implementaci\u00f3n de la L\u00ednea Organizativa y Electoral del Partido de la Liberaci\u00f3n Dominicana (PLD, resalt\u00f3 la experiencia de la organizaci\u00f3n pol\u00edtica, superando momentos de dificultades, [&hellip;]<\/p>\n","protected":false},"author":1,"featured_media":82003,"comment_status":"open","ping_status":"open","sticky":false,"template":"","format":"standard","meta":{"tdm_status":"","tdm_grid_status":"","footnotes":""},"categories":[9],"tags":[],"_links":{"self":[{"href":"https:\/\/pldaldia.com\/portada\/wp-json\/wp\/v2\/posts\/82002"}],"collection":[{"href":"https:\/\/pldaldia.com\/portada\/wp-json\/wp\/v2\/posts"}],"about":[{"href":"https:\/\/pldaldia.com\/portada\/wp-json\/wp\/v2\/types\/post"}],"author":[{"embeddable":true,"href":"https:\/\/pldaldia.com\/portada\/wp-json\/wp\/v2\/users\/1"}],"replies":[{"embeddable":true,"href":"https:\/\/pldaldia.com\/portada\/wp-json\/wp\/v2\/comments?post=82002"}],"version-history":[{"count":1,"href":"https:\/\/pldaldia.com\/portada\/wp-json\/wp\/v2\/posts\/82002\/revisions"}],"predecessor-version":[{"id":82004,"href":"https:\/\/pldaldia.com\/portada\/wp-json\/wp\/v2\/posts\/82002\/revisions\/82004"}],"wp:featuredmedia":[{"embeddable":true,"href":"https:\/\/pldaldia.com\/portada\/wp-json\/wp\/v2\/media\/82003"}],"wp:attachment":[{"href":"https:\/\/pldaldia.com\/portada\/wp-json\/wp\/v2\/media?parent=82002"}],"wp:term":[{"taxonomy":"category","embeddable":true,"href":"https:\/\/pldaldia.com\/portada\/wp-json\/wp\/v2\/categories?post=82002"},{"taxonomy":"post_tag","embeddable":true,"href":"https:\/\/pldaldia.com\/portada\/wp-json\/wp\/v2\/tags?post=82002"}],"curies":[{"name":"wp","href":"https:\/\/api.w.org\/{rel}","templated":true}]}}