{"id":82005,"date":"2025-08-29T17:42:36","date_gmt":"2025-08-29T21:42:36","guid":{"rendered":"https:\/\/pldaldia.com\/portada\/?p=82005"},"modified":"2025-08-29T18:15:23","modified_gmt":"2025-08-29T22:15:23","slug":"johnny-pujols-campanas-en-contra-del-pld-en-lugar-de-debilitarlo-fortalece-la-determinacion-de-sus-miembros","status":"publish","type":"post","link":"https:\/\/pldaldia.com\/portada\/johnny-pujols-campanas-en-contra-del-pld-en-lugar-de-debilitarlo-fortalece-la-determinacion-de-sus-miembros\/","title":{"rendered":"Johnny Pujols: \u201cCampa\u00f1as en contra del PLD en lugar de debilitarlo, fortalece la  determinaci\u00f3n de sus miembros\u201d"},"content":{"rendered":"<p>El secretario general del Partido de la Liberaci\u00f3n Dominicana (PLD), Johnny Pujols, denunci\u00f3 que el PLD ha sido objeto de una campa\u00f1a de persecuci\u00f3n pol\u00edtica, pero asegur\u00f3 que esa situaci\u00f3n, lejos de debilitarlo, fortalece la determinaci\u00f3n de sus miembros.<\/p>\n<p>\u201cNos han perseguido por una sola raz\u00f3n: ser parte del Partido de la Liberaci\u00f3n Dominicana. No hay forma de igualar la obra de servicio y de amor de este partido al pueblo dominicano\u201d, enfatiz\u00f3 en uno de los encuentros realizados en San Pedro de Macor\u00eds, demarcaci\u00f3n en la que desarroll\u00f3 un amplio recorrido compartiendo con diversos sectores que inciden en la vida social y pol\u00edtica de los petromacorisanos.<\/p>\n<p><a href=\"https:\/\/pldaldia.com\/portada\/wp-content\/uploads\/2025\/08\/WhatsApp-Image-2025-08-29-at-5.32.47-PM.jpeg\"><img decoding=\"async\" loading=\"lazy\" class=\"alignright wp-image-82008 size-large\" src=\"https:\/\/pldaldia.com\/portada\/wp-content\/uploads\/2025\/08\/WhatsApp-Image-2025-08-29-at-5.32.47-PM-1024x596.jpeg\" alt=\"\" width=\"696\" height=\"405\" srcset=\"https:\/\/pldaldia.com\/portada\/wp-content\/uploads\/2025\/08\/WhatsApp-Image-2025-08-29-at-5.32.47-PM-1024x596.jpeg 1024w, https:\/\/pldaldia.com\/portada\/wp-content\/uploads\/2025\/08\/WhatsApp-Image-2025-08-29-at-5.32.47-PM-300x175.jpeg 300w, https:\/\/pldaldia.com\/portada\/wp-content\/uploads\/2025\/08\/WhatsApp-Image-2025-08-29-at-5.32.47-PM-768x447.jpeg 768w, https:\/\/pldaldia.com\/portada\/wp-content\/uploads\/2025\/08\/WhatsApp-Image-2025-08-29-at-5.32.47-PM-150x87.jpeg 150w, https:\/\/pldaldia.com\/portada\/wp-content\/uploads\/2025\/08\/WhatsApp-Image-2025-08-29-at-5.32.47-PM-696x405.jpeg 696w, https:\/\/pldaldia.com\/portada\/wp-content\/uploads\/2025\/08\/WhatsApp-Image-2025-08-29-at-5.32.47-PM-1068x622.jpeg 1068w, https:\/\/pldaldia.com\/portada\/wp-content\/uploads\/2025\/08\/WhatsApp-Image-2025-08-29-at-5.32.47-PM-722x420.jpeg 722w, https:\/\/pldaldia.com\/portada\/wp-content\/uploads\/2025\/08\/WhatsApp-Image-2025-08-29-at-5.32.47-PM-320x186.jpeg 320w, https:\/\/pldaldia.com\/portada\/wp-content\/uploads\/2025\/08\/WhatsApp-Image-2025-08-29-at-5.32.47-PM-480x279.jpeg 480w, https:\/\/pldaldia.com\/portada\/wp-content\/uploads\/2025\/08\/WhatsApp-Image-2025-08-29-at-5.32.47-PM-800x466.jpeg 800w, https:\/\/pldaldia.com\/portada\/wp-content\/uploads\/2025\/08\/WhatsApp-Image-2025-08-29-at-5.32.47-PM.jpeg 1280w\" sizes=\"(max-width: 696px) 100vw, 696px\" \/><\/a>En especial Pujols pas\u00f3 balance a la implementaci\u00f3n de la L\u00ednea Organizativa y Electoral, esquema en el que el PLD fundamenta su fortalecimiento.<\/p>\n<p>En el marco agenda impulsada por la dirigencia provincial del PLD, Pujols visit\u00f3 al Obispo de la di\u00f3cesis, Monse\u00f1or Santiago Rodr\u00edguez, sectores empresariales y varios medios de comunicaci\u00f3n donde explic\u00f3 la visi\u00f3n del partido morado en cuanto a distintos temas nacionales.<\/p>\n<p>Tambi\u00e9n encabez\u00f3 una asamblea con la dirigencia local del partido, la cual estuvo marcada por una nutrida participaci\u00f3n de militantes y dirigentes.<\/p>\n<p>Durante su intervenci\u00f3n, el secretario general destac\u00f3 la importancia de la unidad y la inteligencia colectiva dentro de la organizaci\u00f3n:<\/p>\n<p>\u201cLa experiencia individual siempre ser\u00e1 menor que la fuerza que tenemos juntos. Esa es la diferencia fundamental que nos permite resistir incluso en la m\u00e1s dif\u00edcil de las adversidades\u201d, afirm\u00f3.<\/p>\n<p><a href=\"https:\/\/pldaldia.com\/portada\/wp-content\/uploads\/2025\/08\/WhatsApp-Image-2025-08-29-at-5.32.47-PM-1.jpeg\"><img decoding=\"async\" loading=\"lazy\" class=\"wp-image-82007 size-full alignleft\" src=\"https:\/\/pldaldia.com\/portada\/wp-content\/uploads\/2025\/08\/WhatsApp-Image-2025-08-29-at-5.32.47-PM-1.jpeg\" alt=\"\" width=\"1280\" height=\"738\" srcset=\"https:\/\/pldaldia.com\/portada\/wp-content\/uploads\/2025\/08\/WhatsApp-Image-2025-08-29-at-5.32.47-PM-1.jpeg 1280w, https:\/\/pldaldia.com\/portada\/wp-content\/uploads\/2025\/08\/WhatsApp-Image-2025-08-29-at-5.32.47-PM-1-300x173.jpeg 300w, https:\/\/pldaldia.com\/portada\/wp-content\/uploads\/2025\/08\/WhatsApp-Image-2025-08-29-at-5.32.47-PM-1-1024x590.jpeg 1024w, https:\/\/pldaldia.com\/portada\/wp-content\/uploads\/2025\/08\/WhatsApp-Image-2025-08-29-at-5.32.47-PM-1-768x443.jpeg 768w, https:\/\/pldaldia.com\/portada\/wp-content\/uploads\/2025\/08\/WhatsApp-Image-2025-08-29-at-5.32.47-PM-1-150x86.jpeg 150w, https:\/\/pldaldia.com\/portada\/wp-content\/uploads\/2025\/08\/WhatsApp-Image-2025-08-29-at-5.32.47-PM-1-696x401.jpeg 696w, https:\/\/pldaldia.com\/portada\/wp-content\/uploads\/2025\/08\/WhatsApp-Image-2025-08-29-at-5.32.47-PM-1-1068x616.jpeg 1068w, https:\/\/pldaldia.com\/portada\/wp-content\/uploads\/2025\/08\/WhatsApp-Image-2025-08-29-at-5.32.47-PM-1-728x420.jpeg 728w, https:\/\/pldaldia.com\/portada\/wp-content\/uploads\/2025\/08\/WhatsApp-Image-2025-08-29-at-5.32.47-PM-1-320x185.jpeg 320w, https:\/\/pldaldia.com\/portada\/wp-content\/uploads\/2025\/08\/WhatsApp-Image-2025-08-29-at-5.32.47-PM-1-480x277.jpeg 480w, https:\/\/pldaldia.com\/portada\/wp-content\/uploads\/2025\/08\/WhatsApp-Image-2025-08-29-at-5.32.47-PM-1-800x461.jpeg 800w\" sizes=\"(max-width: 1280px) 100vw, 1280px\" \/><\/a>En el encuentro con la militancia, Pujols resalt\u00f3 que en San Pedro de Macor\u00eds ya se han validado m\u00e1s de un centenar de presidentes de comit\u00e9s intermedios, lo que constituye una base s\u00f3lida para garantizar el crecimiento y la fortaleza del partido en la provincia.<\/p>\n<p>Ejercer con firmeza el rol de oposici\u00f3n responsable frente al gobierno, defendiendo los avances logrados durante las gestiones pasadas del PLD en \u00e1reas como la educaci\u00f3n, la vivienda y la dignidad social.<\/p>\n<p>Johnny Pujols concluy\u00f3 motivando a los pelede\u00edstas a mantener la disciplina y la comunicaci\u00f3n efectiva, m\u00e1s all\u00e1 de los grupos digitales, para seguir conectados con la ciudadan\u00eda y defender el legado del Profesor Juan Bosch.<\/p>\n","protected":false},"excerpt":{"rendered":"<p>El secretario general del Partido de la Liberaci\u00f3n Dominicana (PLD), Johnny Pujols, denunci\u00f3 que el PLD ha sido objeto de una campa\u00f1a de persecuci\u00f3n pol\u00edtica, pero asegur\u00f3 que esa situaci\u00f3n, lejos de debilitarlo, fortalece la determinaci\u00f3n de sus miembros. \u201cNos han perseguido por una sola raz\u00f3n: ser parte del Partido de la Liberaci\u00f3n Dominicana. No [&hellip;]<\/p>\n","protected":false},"author":1,"featured_media":82006,"comment_status":"open","ping_status":"open","sticky":false,"template":"","format":"standard","meta":{"tdm_status":"","tdm_grid_status":"","footnotes":""},"categories":[9],"tags":[],"_links":{"self":[{"href":"https:\/\/pldaldia.com\/portada\/wp-json\/wp\/v2\/posts\/82005"}],"collection":[{"href":"https:\/\/pldaldia.com\/portada\/wp-json\/wp\/v2\/posts"}],"about":[{"href":"https:\/\/pldaldia.com\/portada\/wp-json\/wp\/v2\/types\/post"}],"author":[{"embeddable":true,"href":"https:\/\/pldaldia.com\/portada\/wp-json\/wp\/v2\/users\/1"}],"replies":[{"embeddable":true,"href":"https:\/\/pldaldia.com\/portada\/wp-json\/wp\/v2\/comments?post=82005"}],"version-history":[{"count":2,"href":"https:\/\/pldaldia.com\/portada\/wp-json\/wp\/v2\/posts\/82005\/revisions"}],"predecessor-version":[{"id":82011,"href":"https:\/\/pldaldia.com\/portada\/wp-json\/wp\/v2\/posts\/82005\/revisions\/82011"}],"wp:featuredmedia":[{"embeddable":true,"href":"https:\/\/pldaldia.com\/portada\/wp-json\/wp\/v2\/media\/82006"}],"wp:attachment":[{"href":"https:\/\/pldaldia.com\/portada\/wp-json\/wp\/v2\/media?parent=82005"}],"wp:term":[{"taxonomy":"category","embeddable":true,"href":"https:\/\/pldaldia.com\/portada\/wp-json\/wp\/v2\/categories?post=82005"},{"taxonomy":"post_tag","embeddable":true,"href":"https:\/\/pldaldia.com\/portada\/wp-json\/wp\/v2\/tags?post=82005"}],"curies":[{"name":"wp","href":"https:\/\/api.w.org\/{rel}","templated":true}]}}