{"id":82016,"date":"2025-08-30T01:23:35","date_gmt":"2025-08-30T05:23:35","guid":{"rendered":"https:\/\/pldaldia.com\/portada\/?p=82016"},"modified":"2025-08-30T01:23:35","modified_gmt":"2025-08-30T05:23:35","slug":"promueven-en-puerto-rico-retorno-de-bases-militares-de-eeuu","status":"publish","type":"post","link":"https:\/\/pldaldia.com\/portada\/promueven-en-puerto-rico-retorno-de-bases-militares-de-eeuu\/","title":{"rendered":"Promueven en  Puerto Rico retorno de bases militares de EEUU"},"content":{"rendered":"<p>Transcurridas unas dos d\u00e9cadas del cierre de las principales bases militares de Estados Unidos en Puerto Rico, la gobernadora Jenniffer Gonz\u00e1lez promueve hoy su retorno al territorio caribe\u00f1o.<\/p>\n<p>El secretario de Seguridad P\u00fablica de Puerto Rico, Arthur Garffer, general del ej\u00e9rcito estadounidense, afirm\u00f3 que esto es importante para la seguridad nacional \u201cde nuestra naci\u00f3n\u201d en la regi\u00f3n del Caribe.<\/p>\n<p>Al comparecer a un programa de la televisi\u00f3n puertorrique\u00f1a, Garffer ratific\u00f3, tal como public\u00f3 el diario El Nuevo D\u00eda, la importancia de contar con m\u00e1s bases militares estadounidenses, despu\u00e9s de los cierres de las de Vieques y Roosevelt Road, en Ceiba (oriente), y Sabana Seca (norte).<\/p>\n<p>Noti resumen internacional<\/p>\n<p>Uruguay recuerda hoy a las v\u00edctimas de la dictadura que siguen sin aparecer, cuando se conmemora el D\u00eda Internacional de las V\u00edctimas de Desapariciones Forzadas.<\/p>\n<p>\u2026\u2026\u2026\u2026\u2026<\/p>\n<p>Los abogados del gobernador electo de Santa Cruz, Bolivia Luis Fernando Camacho, esperan que su defendido quede hoy en libertad tras la cuarta orden de excarcelaci\u00f3n a su favor emitida por un tribunal.<\/p>\n<p>\u2026\u2026\u2026\u2026<\/p>\n<p>Tras ser hallada culpable de vulnerar un c\u00f3digo \u00e9tico por criticar a un mando militar, el Tribunal Constitucional de Taipandia orden\u00f3 la destituci\u00f3n de Paetongtarn Shinawatra.su primera ministra<\/p>\n<p>\u2026\u2026\u2026\u2026\u2026..<\/p>\n<p>Brasil est\u00e1 considerando imponer aranceles rec\u00edprocos a Estados Unidos luego de que el presidente Donald Trump castigara a las importaciones brasile\u00f1as con una tasa de 50%, dijeron fuentes gubernamentales.<\/p>\n","protected":false},"excerpt":{"rendered":"<p>Transcurridas unas dos d\u00e9cadas del cierre de las principales bases militares de Estados Unidos en Puerto Rico, la gobernadora Jenniffer Gonz\u00e1lez promueve hoy su retorno al territorio caribe\u00f1o. El secretario de Seguridad P\u00fablica de Puerto Rico, Arthur Garffer, general del ej\u00e9rcito estadounidense, afirm\u00f3 que esto es importante para la seguridad nacional \u201cde nuestra naci\u00f3n\u201d en [&hellip;]<\/p>\n","protected":false},"author":1,"featured_media":82014,"comment_status":"open","ping_status":"open","sticky":false,"template":"","format":"standard","meta":{"tdm_status":"","tdm_grid_status":"","footnotes":""},"categories":[51],"tags":[],"_links":{"self":[{"href":"https:\/\/pldaldia.com\/portada\/wp-json\/wp\/v2\/posts\/82016"}],"collection":[{"href":"https:\/\/pldaldia.com\/portada\/wp-json\/wp\/v2\/posts"}],"about":[{"href":"https:\/\/pldaldia.com\/portada\/wp-json\/wp\/v2\/types\/post"}],"author":[{"embeddable":true,"href":"https:\/\/pldaldia.com\/portada\/wp-json\/wp\/v2\/users\/1"}],"replies":[{"embeddable":true,"href":"https:\/\/pldaldia.com\/portada\/wp-json\/wp\/v2\/comments?post=82016"}],"version-history":[{"count":1,"href":"https:\/\/pldaldia.com\/portada\/wp-json\/wp\/v2\/posts\/82016\/revisions"}],"predecessor-version":[{"id":82017,"href":"https:\/\/pldaldia.com\/portada\/wp-json\/wp\/v2\/posts\/82016\/revisions\/82017"}],"wp:featuredmedia":[{"embeddable":true,"href":"https:\/\/pldaldia.com\/portada\/wp-json\/wp\/v2\/media\/82014"}],"wp:attachment":[{"href":"https:\/\/pldaldia.com\/portada\/wp-json\/wp\/v2\/media?parent=82016"}],"wp:term":[{"taxonomy":"category","embeddable":true,"href":"https:\/\/pldaldia.com\/portada\/wp-json\/wp\/v2\/categories?post=82016"},{"taxonomy":"post_tag","embeddable":true,"href":"https:\/\/pldaldia.com\/portada\/wp-json\/wp\/v2\/tags?post=82016"}],"curies":[{"name":"wp","href":"https:\/\/api.w.org\/{rel}","templated":true}]}}