{"id":82018,"date":"2025-08-30T01:24:42","date_gmt":"2025-08-30T05:24:42","guid":{"rendered":"https:\/\/pldaldia.com\/portada\/?p=82018"},"modified":"2025-08-30T01:24:42","modified_gmt":"2025-08-30T05:24:42","slug":"un-gobierno-de-pantalla","status":"publish","type":"post","link":"https:\/\/pldaldia.com\/portada\/un-gobierno-de-pantalla\/","title":{"rendered":"Un Gobierno de Pantalla"},"content":{"rendered":"<p>Por: H\u00e9ctor Olivo | Como la anterior, la semana que concluye demostr\u00f3 que el gobierno del Presidente Luis Abinader se sustenta en la publicidad y anuncios, procurando mantener su imagen e influir en la opini\u00f3n p\u00fablica.<\/p>\n<p>Ha sido una caracter\u00edstica acentuada de los actuales gobernantes instalados en agosto del 2020 y que el presente agosto arrib\u00f3 al primer a\u00f1o de una segunda gesti\u00f3n, llena de tropiezos y desaciertos.<\/p>\n<p>Todas esas equivocaciones, que son el fruto de la improvisaci\u00f3n y de la pobre preparaci\u00f3n de sus funcionarios, se quiere atenuar priorizando la imagen y los mensajes en medios masivos y redes sociales.<\/p>\n<p>Una profusi\u00f3n de vallas, cu\u00f1as de radio, anuncios en televisi\u00f3n e internet, y los perfiles institucionales en redes sociales para difundir informaci\u00f3n y propaganda, que buscan distraer la atenci\u00f3n de la cruda realidad que se vive en Rep\u00fablica Dominicana.<\/p>\n<p>Una semana con bastantes quejas por las precariedades del sistema educativo en la apertura de un a\u00f1o escolar con falta de cupo para los estudiantes, escuelas en mal estado, falta de aulas y de los \u00fatiles escolares, incluyendo uniformes.<\/p>\n<p>Una semana de reproches , quemas de neum\u00e1ticos en protesta por los apagones y las facturas el\u00e9ctricas caras<\/p>\n<p>Un elevado grito popular por los altos precios de la comida y una poblaci\u00f3n acorralada por la delincuencia.<\/p>\n<p>Estos y otros sentidos problemas se procura apaciguar anunciando la construcci\u00f3n de un monorriel en la capital dominicana, teniendo un metro de m\u00e1s de cinco a\u00f1os que inici\u00f3 y no se le ve el final y un monorriel en Santiago, que no termina, aunque sus trenes se exhibieron en plena campa\u00f1a electoral.<\/p>\n<p>Se trat\u00f3 de un anuncio con repercusiones en primeras p\u00e1ginas de los diarios dominicanos impresos y digitales, pero adem\u00e1s escuchamos una pol\u00e9mica diputada que nos recuerda sus cuestionamientos cuando le correspondi\u00f3 ocupar un ministerio, desde su curul buscando desacreditar la eficiente plantas generadoras de electricidad de Punta Catalina o la novedosa visita de la se\u00f1ora vicepresidenta al local del gremio de los maestros para entregar becas auspiciadas por el Instituto de las Telecomunicaciones.<\/p>\n<p>Una vez m\u00e1s queda confirmado que el del PRM es un gobierno de pantalla que se sustenta en la publicidad y en anuncios nada verdaderos.<\/p>\n","protected":false},"excerpt":{"rendered":"<p>Por: H\u00e9ctor Olivo | Como la anterior, la semana que concluye demostr\u00f3 que el gobierno del Presidente Luis Abinader se sustenta en la publicidad y anuncios, procurando mantener su imagen e influir en la opini\u00f3n p\u00fablica. Ha sido una caracter\u00edstica acentuada de los actuales gobernantes instalados en agosto del 2020 y que el presente agosto [&hellip;]<\/p>\n","protected":false},"author":1,"featured_media":65375,"comment_status":"open","ping_status":"open","sticky":false,"template":"","format":"standard","meta":{"tdm_status":"","tdm_grid_status":"","footnotes":""},"categories":[53],"tags":[],"_links":{"self":[{"href":"https:\/\/pldaldia.com\/portada\/wp-json\/wp\/v2\/posts\/82018"}],"collection":[{"href":"https:\/\/pldaldia.com\/portada\/wp-json\/wp\/v2\/posts"}],"about":[{"href":"https:\/\/pldaldia.com\/portada\/wp-json\/wp\/v2\/types\/post"}],"author":[{"embeddable":true,"href":"https:\/\/pldaldia.com\/portada\/wp-json\/wp\/v2\/users\/1"}],"replies":[{"embeddable":true,"href":"https:\/\/pldaldia.com\/portada\/wp-json\/wp\/v2\/comments?post=82018"}],"version-history":[{"count":1,"href":"https:\/\/pldaldia.com\/portada\/wp-json\/wp\/v2\/posts\/82018\/revisions"}],"predecessor-version":[{"id":82019,"href":"https:\/\/pldaldia.com\/portada\/wp-json\/wp\/v2\/posts\/82018\/revisions\/82019"}],"wp:featuredmedia":[{"embeddable":true,"href":"https:\/\/pldaldia.com\/portada\/wp-json\/wp\/v2\/media\/65375"}],"wp:attachment":[{"href":"https:\/\/pldaldia.com\/portada\/wp-json\/wp\/v2\/media?parent=82018"}],"wp:term":[{"taxonomy":"category","embeddable":true,"href":"https:\/\/pldaldia.com\/portada\/wp-json\/wp\/v2\/categories?post=82018"},{"taxonomy":"post_tag","embeddable":true,"href":"https:\/\/pldaldia.com\/portada\/wp-json\/wp\/v2\/tags?post=82018"}],"curies":[{"name":"wp","href":"https:\/\/api.w.org\/{rel}","templated":true}]}}