{"id":82023,"date":"2025-08-30T09:50:15","date_gmt":"2025-08-30T13:50:15","guid":{"rendered":"https:\/\/pldaldia.com\/portada\/?p=82023"},"modified":"2025-08-30T09:50:15","modified_gmt":"2025-08-30T13:50:15","slug":"pld-abre-ofensiva-territorial-con-inauguracion-de-casa-municipal-en-santo-domingo-oeste","status":"publish","type":"post","link":"https:\/\/pldaldia.com\/portada\/pld-abre-ofensiva-territorial-con-inauguracion-de-casa-municipal-en-santo-domingo-oeste\/","title":{"rendered":"PLD abre ofensiva territorial con inauguraci\u00f3n de Casa Municipal en Santo Domingo Oeste"},"content":{"rendered":"<p>\u201cEn los locales del PLD el pueblo encuentra su espacio de organizaci\u00f3n y defensa\u201d, declar\u00f3 Johnny Pujols, Secretario General del PLD.<\/p>\n<p>El Partido de la Liberaci\u00f3n Dominicana (PLD) inaugur\u00f3 este viernes su nueva Casa Municipal en Santo Domingo Oeste, con un acto al que asistieron cientos de militantes y simpatizantes que abarrotaron el local y sus alrededores; este evento da continuidad a una estrategia nacional para establecer 399 locales del Partido en todo el territorio antes de 2028, explic\u00f3 Johnny Pujols, Secretario General, quien habl\u00f3 en el acto.<\/p>\n<p>Pujols explic\u00f3 que la meta es abrir, en esta primera etapa, cien locales en 2025 y continuar el proceso hasta consolidar todas las sedes municipales, de distritos municipales en cada demarcaci\u00f3n del pa\u00eds.<\/p>\n<p><a href=\"http:\/\/vanguardiadelpueblo.do\/wp-content\/uploads\/2025\/08\/local-sdo-scaled.jpg\"><img decoding=\"async\" loading=\"lazy\" class=\"alignright size-medium wp-image-227420\" src=\"http:\/\/vanguardiadelpueblo.do\/wp-content\/uploads\/2025\/08\/local-sdo-480x285.jpg\" alt=\"\" width=\"480\" height=\"285\" \/><\/a>El dirigente dijo que el partido est\u00e1 combinando el fortalecimiento de la estructura interna con el acompa\u00f1amiento a los reclamos ciudadanos. \u201cEstamos haciendo una oposici\u00f3n responsable, se\u00f1alando las fallas del gobierno, y tambi\u00e9n poniendo el conocimiento de nuestros t\u00e9cnicos a disposici\u00f3n, haciendo propuestas serias. No hay \u00e1rea que est\u00e9 funcionando bien: ni el sector el\u00e9ctrico, ni la salud, ni la educaci\u00f3n. El PLD est\u00e1 comprometido en articular las demandas y defender los intereses de la gente\u201d, afirm\u00f3.<\/p>\n<p>Pujols agreg\u00f3 que el PLD trabaja para reconstruir la confianza de la ciudadan\u00eda. \u201cLa confianza se reconstruye todos los d\u00edas. Mucha gente reconoce que viv\u00eda mejor con el PLD. Vamos en la direcci\u00f3n correcta\u201d dijo.<\/p>\n<p>Ambiente festivo. Banderas, consignas y m\u00fasica<\/p>\n<p>La inauguraci\u00f3n inici\u00f3 pasadas las seis de la tarde y se desarroll\u00f3 en un ambiente festivo. Banderas, consignas y m\u00fasica acompa\u00f1aron la llegada de delegaciones desde distintos sectores del municipio. Tanto el interior del local como los espacios exteriores permanecieron llenos durante toda la actividad.<\/p>\n<p>El acto cont\u00f3 con la presencia de Johnny Pujols (Secretario General del PLD), Cristina Lizardo (Presidenta provincial y miembro del Comit\u00e9 Pol\u00edtico), Margarita Pimentel (enlace del Comit\u00e9 Pol\u00edtico), Rafael Pacheco (Presidente Municipal), Dilen Montero (Participaci\u00f3n Comunitaria), Francisco Mosquea (Asuntos Gremiales y Profesionales), Maribel Acosta, El\u00edas Cornelio y Armando Garc\u00eda, miembros del Comit\u00e9 Pol\u00edtico, adem\u00e1s de los miembros del Comit\u00e9 Central del municipio.<\/p>\n<p>Rafael Pacheco, presidente municipal del PLD, pronunci\u00f3 las palabras de bienvenida y destac\u00f3 la importancia del local para la reorganizaci\u00f3n partidaria. \u201cEste local representa la dignidad, el trabajo colectivo y la determinaci\u00f3n de un municipio que exige un nuevo rumbo\u201d, expres\u00f3.<\/p>\n<p><a href=\"http:\/\/vanguardiadelpueblo.do\/wp-content\/uploads\/2025\/08\/sdo-4-scaled.jpg\"><img decoding=\"async\" loading=\"lazy\" class=\"size-medium wp-image-227418 alignleft\" src=\"http:\/\/vanguardiadelpueblo.do\/wp-content\/uploads\/2025\/08\/sdo-4-480x270.jpg\" alt=\"\" width=\"480\" height=\"270\" \/><\/a>En su intervenci\u00f3n, Pacheco critic\u00f3 la actual administraci\u00f3n municipal, se\u00f1alando la falta de avances a pesar del presupuesto. \u201cCon 1,400 millones de presupuesto y ning\u00fan avance, est\u00e1 claro que el PRM y los Pe\u00f1a no tienen nada que ofrecer. Solo el PLD ha tra\u00eddo desarrollo y felicidad. Es hora de movilizarnos y rescatar la dignidad de Santo Domingo Oeste\u201d, indic\u00f3.<\/p>\n<p>\u201cCada casa ser\u00e1 refugio de esperanza y organizaci\u00f3n\u201d<\/p>\n<p>Cristina Lizardo, presidenta provincial del PLD, inst\u00f3 a la militancia a mantener la unidad y trabajar en la apertura de nuevas casas pelede\u00edstas en la provincia. \u201cHoy comienza una cadena de inauguraciones en toda la provincia, y cada casa ser\u00e1 refugio de esperanza y organizaci\u00f3n\u201d, afirm\u00f3. Lizardo insisti\u00f3 en la importancia de la inclusi\u00f3n y el trabajo colectivo para el fortalecimiento partidario.<\/p>\n<p>Margarita Pimentel, enlace del Comit\u00e9 Pol\u00edtico, resalt\u00f3 el car\u00e1cter simb\u00f3lico del nuevo local como espacio de organizaci\u00f3n y participaci\u00f3n. \u201cEsta casa es s\u00edmbolo de unidad y de fe en el porvenir. Aqu\u00ed, mujeres y hombres pelede\u00edstas se comprometen a fortalecer el partido y defender la democracia\u201d, sostuvo.<\/p>\n<p>Durante el acto se rindi\u00f3 homenaje a la doctora Flavia Garc\u00eda, exsecretaria de la Mujer del PLD, quien no pudo estar presente. En un mensaje le\u00eddo ante los presentes, Garc\u00eda expres\u00f3 su gratitud y su compromiso de continuar apoyando al partido. \u201cMientras respire, trabajar\u00e9 por este partido. Ganaremos en el 2028, Dios mediante\u201d, dijo.<\/p>\n<p><a href=\"http:\/\/vanguardiadelpueblo.do\/wp-content\/uploads\/2025\/08\/sdo-3-scaled.jpg\"><img decoding=\"async\" loading=\"lazy\" class=\"alignright size-medium wp-image-227417\" src=\"http:\/\/vanguardiadelpueblo.do\/wp-content\/uploads\/2025\/08\/sdo-3-480x270.jpg\" alt=\"\" width=\"480\" height=\"270\" \/><\/a>Al cierre, se realiz\u00f3 la juramentaci\u00f3n de nuevos dirigentes y comunitarios que pasaron a formar filas en el PLD.<\/p>\n<p>La maestr\u00eda de ceremonias estuvo a cargo de Felipe Mar\u00eda Morel y Damirys Rodr\u00edguez.<\/p>\n<p>\u201cEste es el hogar donde se planifica la victoria de 2028\u201d<\/p>\n<p>El discurso de cierre estuvo a cargo de Johnny Pujols, quien subray\u00f3 la importancia del local inaugurado para la estrategia de crecimiento partidario. \u201cEste es el hogar donde se planifica la victoria de 2028. Aqu\u00ed construiremos militancia, oposici\u00f3n activa y proyectos de futuro para el pueblo dominicano\u201d, afirm\u00f3.<\/p>\n<p>Pujols exhort\u00f3 a los presentes a convertir cada sede en un centro de movilizaci\u00f3n y servicio. \u201cEl PLD est\u00e1 en la calle, m\u00e1s cerca que nunca de la gente. Vamos a levantar la voz, a proponer soluciones y a defender la esperanza\u201d, concluy\u00f3.<\/p>\n<p>La actividad finaliz\u00f3 con el corte de cinta, el aplauso de los asistentes y la convocatoria a participar activamente en los trabajos de reorganizaci\u00f3n y formaci\u00f3n pol\u00edtica en todo Santo Domingo Oeste.<\/p>\n","protected":false},"excerpt":{"rendered":"<p>\u201cEn los locales del PLD el pueblo encuentra su espacio de organizaci\u00f3n y defensa\u201d, declar\u00f3 Johnny Pujols, Secretario General del PLD. El Partido de la Liberaci\u00f3n Dominicana (PLD) inaugur\u00f3 este viernes su nueva Casa Municipal en Santo Domingo Oeste, con un acto al que asistieron cientos de militantes y simpatizantes que abarrotaron el local y [&hellip;]<\/p>\n","protected":false},"author":1,"featured_media":82024,"comment_status":"open","ping_status":"open","sticky":false,"template":"","format":"standard","meta":{"tdm_status":"","tdm_grid_status":"","footnotes":""},"categories":[9],"tags":[],"_links":{"self":[{"href":"https:\/\/pldaldia.com\/portada\/wp-json\/wp\/v2\/posts\/82023"}],"collection":[{"href":"https:\/\/pldaldia.com\/portada\/wp-json\/wp\/v2\/posts"}],"about":[{"href":"https:\/\/pldaldia.com\/portada\/wp-json\/wp\/v2\/types\/post"}],"author":[{"embeddable":true,"href":"https:\/\/pldaldia.com\/portada\/wp-json\/wp\/v2\/users\/1"}],"replies":[{"embeddable":true,"href":"https:\/\/pldaldia.com\/portada\/wp-json\/wp\/v2\/comments?post=82023"}],"version-history":[{"count":1,"href":"https:\/\/pldaldia.com\/portada\/wp-json\/wp\/v2\/posts\/82023\/revisions"}],"predecessor-version":[{"id":82025,"href":"https:\/\/pldaldia.com\/portada\/wp-json\/wp\/v2\/posts\/82023\/revisions\/82025"}],"wp:featuredmedia":[{"embeddable":true,"href":"https:\/\/pldaldia.com\/portada\/wp-json\/wp\/v2\/media\/82024"}],"wp:attachment":[{"href":"https:\/\/pldaldia.com\/portada\/wp-json\/wp\/v2\/media?parent=82023"}],"wp:term":[{"taxonomy":"category","embeddable":true,"href":"https:\/\/pldaldia.com\/portada\/wp-json\/wp\/v2\/categories?post=82023"},{"taxonomy":"post_tag","embeddable":true,"href":"https:\/\/pldaldia.com\/portada\/wp-json\/wp\/v2\/tags?post=82023"}],"curies":[{"name":"wp","href":"https:\/\/api.w.org\/{rel}","templated":true}]}}