{"id":82042,"date":"2025-09-01T03:00:04","date_gmt":"2025-09-01T07:00:04","guid":{"rendered":"https:\/\/pldaldia.com\/portada\/?p=82042"},"modified":"2025-09-01T03:00:04","modified_gmt":"2025-09-01T07:00:04","slug":"dia-mundial-de-la-dactiloscopia-2","status":"publish","type":"post","link":"https:\/\/pldaldia.com\/portada\/dia-mundial-de-la-dactiloscopia-2\/","title":{"rendered":"D\u00eda Mundial de la Dactiloscop\u00eda"},"content":{"rendered":"<p>El 1 de septiembre es el D\u00eda Mundial de la Dactiloscop\u00eda. Una celebraci\u00f3n que busca hacer honor al hombre que vi\u00f3 la importancia \u00fanica de los signos o rastros biol\u00f3gicos de los seres humanos para recabar pruebas en los cr\u00edmenes.<\/p>\n","protected":false},"excerpt":{"rendered":"<p>El 1 de septiembre es el D\u00eda Mundial de la Dactiloscop\u00eda. Una celebraci\u00f3n que busca hacer honor al hombre que vi\u00f3 la importancia \u00fanica de los signos o rastros biol\u00f3gicos de los seres humanos para recabar pruebas en los cr\u00edmenes.<\/p>\n","protected":false},"author":1,"featured_media":82043,"comment_status":"open","ping_status":"open","sticky":false,"template":"","format":"standard","meta":{"tdm_status":"","tdm_grid_status":"","footnotes":""},"categories":[57],"tags":[],"_links":{"self":[{"href":"https:\/\/pldaldia.com\/portada\/wp-json\/wp\/v2\/posts\/82042"}],"collection":[{"href":"https:\/\/pldaldia.com\/portada\/wp-json\/wp\/v2\/posts"}],"about":[{"href":"https:\/\/pldaldia.com\/portada\/wp-json\/wp\/v2\/types\/post"}],"author":[{"embeddable":true,"href":"https:\/\/pldaldia.com\/portada\/wp-json\/wp\/v2\/users\/1"}],"replies":[{"embeddable":true,"href":"https:\/\/pldaldia.com\/portada\/wp-json\/wp\/v2\/comments?post=82042"}],"version-history":[{"count":1,"href":"https:\/\/pldaldia.com\/portada\/wp-json\/wp\/v2\/posts\/82042\/revisions"}],"predecessor-version":[{"id":82044,"href":"https:\/\/pldaldia.com\/portada\/wp-json\/wp\/v2\/posts\/82042\/revisions\/82044"}],"wp:featuredmedia":[{"embeddable":true,"href":"https:\/\/pldaldia.com\/portada\/wp-json\/wp\/v2\/media\/82043"}],"wp:attachment":[{"href":"https:\/\/pldaldia.com\/portada\/wp-json\/wp\/v2\/media?parent=82042"}],"wp:term":[{"taxonomy":"category","embeddable":true,"href":"https:\/\/pldaldia.com\/portada\/wp-json\/wp\/v2\/categories?post=82042"},{"taxonomy":"post_tag","embeddable":true,"href":"https:\/\/pldaldia.com\/portada\/wp-json\/wp\/v2\/tags?post=82042"}],"curies":[{"name":"wp","href":"https:\/\/api.w.org\/{rel}","templated":true}]}}