{"id":82045,"date":"2025-09-01T09:42:48","date_gmt":"2025-09-01T13:42:48","guid":{"rendered":"https:\/\/pldaldia.com\/portada\/?p=82045"},"modified":"2025-09-01T09:42:48","modified_gmt":"2025-09-01T13:42:48","slug":"nota-luctuosa-41","status":"publish","type":"post","link":"https:\/\/pldaldia.com\/portada\/nota-luctuosa-41\/","title":{"rendered":"Nota Luctuosa"},"content":{"rendered":"<p>El PLD lamenta el fallecimiento de su dirigente en el Distrito Nacional Sobeida Suero. Que Descanse en Paz<\/p>\n<p>Recibir\u00e1 cristiana sepultura este lunes en el Cementerio Cristo Redentor, Sobeida Suero, reconocida dirigente del Partido de la Liberaci\u00f3n Dominicana en la Circunscripci\u00f3n Uno del Distrito Nacional.<\/p>\n<p>Sobeida Suero falleci\u00f3 la ma\u00f1ana del domingo, con una hermosa trayectoria trabajando a favor de las comunidades y fiel a los lineamientos del PLD.<\/p>\n<p>\u201cPasamos por la pena de informarles el sentido fallecimiento, de nuestra querida compa\u00f1era Sobeida Suero, ocurrido en el d\u00eda de hoy, gran dirigente en el sector de El Manguito, fundadora del Comit\u00e9 Intermedio 16 de agosto y dirigente Comunitaria\u201d, inform\u00f3 la direcci\u00f3n de la Circunscripci\u00f3n Uno del PLD en el Distrito Nacional.<\/p>\n<p>Est\u00e1 siendo velada en la Funeraria S\u00e1vica de la calle Pasteur en Gascue.<\/p>\n<p>El Partido de la Liberaci\u00f3n Dominicana lamenta el deceso de Sobeida, y expresa solidaridad a sus familiares. Que Descanse en Paz.<\/p>\n","protected":false},"excerpt":{"rendered":"<p>El PLD lamenta el fallecimiento de su dirigente en el Distrito Nacional Sobeida Suero. Que Descanse en Paz Recibir\u00e1 cristiana sepultura este lunes en el Cementerio Cristo Redentor, Sobeida Suero, reconocida dirigente del Partido de la Liberaci\u00f3n Dominicana en la Circunscripci\u00f3n Uno del Distrito Nacional. Sobeida Suero falleci\u00f3 la ma\u00f1ana del domingo, con una hermosa [&hellip;]<\/p>\n","protected":false},"author":1,"featured_media":82046,"comment_status":"open","ping_status":"open","sticky":false,"template":"","format":"standard","meta":{"tdm_status":"","tdm_grid_status":"","footnotes":""},"categories":[9],"tags":[],"_links":{"self":[{"href":"https:\/\/pldaldia.com\/portada\/wp-json\/wp\/v2\/posts\/82045"}],"collection":[{"href":"https:\/\/pldaldia.com\/portada\/wp-json\/wp\/v2\/posts"}],"about":[{"href":"https:\/\/pldaldia.com\/portada\/wp-json\/wp\/v2\/types\/post"}],"author":[{"embeddable":true,"href":"https:\/\/pldaldia.com\/portada\/wp-json\/wp\/v2\/users\/1"}],"replies":[{"embeddable":true,"href":"https:\/\/pldaldia.com\/portada\/wp-json\/wp\/v2\/comments?post=82045"}],"version-history":[{"count":1,"href":"https:\/\/pldaldia.com\/portada\/wp-json\/wp\/v2\/posts\/82045\/revisions"}],"predecessor-version":[{"id":82047,"href":"https:\/\/pldaldia.com\/portada\/wp-json\/wp\/v2\/posts\/82045\/revisions\/82047"}],"wp:featuredmedia":[{"embeddable":true,"href":"https:\/\/pldaldia.com\/portada\/wp-json\/wp\/v2\/media\/82046"}],"wp:attachment":[{"href":"https:\/\/pldaldia.com\/portada\/wp-json\/wp\/v2\/media?parent=82045"}],"wp:term":[{"taxonomy":"category","embeddable":true,"href":"https:\/\/pldaldia.com\/portada\/wp-json\/wp\/v2\/categories?post=82045"},{"taxonomy":"post_tag","embeddable":true,"href":"https:\/\/pldaldia.com\/portada\/wp-json\/wp\/v2\/tags?post=82045"}],"curies":[{"name":"wp","href":"https:\/\/api.w.org\/{rel}","templated":true}]}}