{"id":82048,"date":"2025-09-01T09:54:17","date_gmt":"2025-09-01T13:54:17","guid":{"rendered":"https:\/\/pldaldia.com\/portada\/?p=82048"},"modified":"2025-09-01T09:54:17","modified_gmt":"2025-09-01T13:54:17","slug":"intensa-agenda-de-la-corriente-eugenio-maria-de-hostos","status":"publish","type":"post","link":"https:\/\/pldaldia.com\/portada\/intensa-agenda-de-la-corriente-eugenio-maria-de-hostos\/","title":{"rendered":"Intensa agenda de la corriente Eugenio Mar\u00eda de Hostos"},"content":{"rendered":"<p>En intensa jornada de trabajo corriente magisterial Eugenio Mar\u00eda de Hostos instala sus equipos directivos en Hato Mayor, La Romana y San Pedro de Macor\u00eds.<\/p>\n<p>En triple jornada realizada en las provincias Hato Mayor, La Romana y San Pedro de Macor\u00eds, la Corriente Magisterial Eugenio Mar\u00eda de Hostos, orientada por el Partido de la Liberaci\u00f3n Dominicana (PLD), constituy\u00f3 y jurament\u00f3 los equipos de coordinaci\u00f3n de dicha corriente que aglutina a maestros y maestras pelede\u00edstas.<\/p>\n<p><a href=\"http:\/\/vanguardiadelpueblo.do\/wp-content\/uploads\/2025\/09\/be2347c3-143f-45b2-81e2-058871ffb7c9-scaled.jpeg\"><img decoding=\"async\" loading=\"lazy\" class=\"alignright size-medium wp-image-227502\" src=\"http:\/\/vanguardiadelpueblo.do\/wp-content\/uploads\/2025\/09\/be2347c3-143f-45b2-81e2-058871ffb7c9-480x221.jpeg\" alt=\"\" width=\"480\" height=\"221\" \/><\/a>En la ma\u00f1ana del domingo, quedaron juramentados los equipos de coordinaci\u00f3n de la provincia Hato Mayor y sus municipios.<\/p>\n<p>Dicha directiva est\u00e1 compuesta por: Ram\u00f3n Antonio Rosa, quien lo coordina junto a Frank Sabino, Jhoan Silvestre, Andr\u00e9s Emilio Peguero, Brayan Soriano, Adriel Alburquerque, Iv\u00e1n Jos\u00e9 Floyd Cahena, Cruz vanhegen Peguero, Francisco Sosa, Eric Altagracia de la Cruz, y Vicente Fern\u00e1ndez.<\/p>\n<p>Tambi\u00e9n Fredy Ortega, Julio Mart\u00ednez, Jos\u00e9 Luis N\u00fa\u00f1ez, Alexandra Liriano, Guadalupe J\u00e1quez, Lorenza Reyes, Zen\u00f3n G\u00f3mez, Santa P\u00e9rez Olivo, Miguel Zorrilla y Dayhana Zorrilla.<\/p>\n<p>La actividad de gran entusiasmo estuvo presidida por el Coordinador Nacional de la Corriente y miembro del Comit\u00e9 Pol\u00edtico del PLD, Radham\u00e9s Camacho, quien estuvo acompa\u00f1ado por los miembros del Comit\u00e9 Central Francisco Santana, responsable de la Regi\u00f3n Este del pa\u00eds y Eduardo Hidalgo.<\/p>\n<p>Ese mismo equipo presidi\u00f3 la elecci\u00f3n de los equipos de coordinaci\u00f3n provincial y de cada municipio de La Romana.<\/p>\n<p><a href=\"http:\/\/vanguardiadelpueblo.do\/wp-content\/uploads\/2025\/09\/84e560dc-6f54-42df-b96c-3f2877b0a0df-scaled.jpeg\"><img decoding=\"async\" loading=\"lazy\" class=\"alignleft size-medium wp-image-227501\" src=\"http:\/\/vanguardiadelpueblo.do\/wp-content\/uploads\/2025\/09\/84e560dc-6f54-42df-b96c-3f2877b0a0df-480x281.jpeg\" alt=\"\" width=\"480\" height=\"281\" \/><\/a>En horas de la noche se juramentaron los equipos de coordinaci\u00f3n provincial y de cada municipio de la provincia San Pedro de Macor\u00eds.<\/p>\n<p>Representaciones de las direcciones provinciales del PLD en las tres provincias acompa\u00f1aron a los directivos de la corriente magisterial en ese ejercicio de democracia, poniendo en marcha el plan de trabajo de la corriente gremial y de la Secretar\u00eda de Asuntos Magisteriales.<\/p>\n","protected":false},"excerpt":{"rendered":"<p>En intensa jornada de trabajo corriente magisterial Eugenio Mar\u00eda de Hostos instala sus equipos directivos en Hato Mayor, La Romana y San Pedro de Macor\u00eds. En triple jornada realizada en las provincias Hato Mayor, La Romana y San Pedro de Macor\u00eds, la Corriente Magisterial Eugenio Mar\u00eda de Hostos, orientada por el Partido de la Liberaci\u00f3n [&hellip;]<\/p>\n","protected":false},"author":1,"featured_media":82049,"comment_status":"open","ping_status":"open","sticky":false,"template":"","format":"standard","meta":{"tdm_status":"","tdm_grid_status":"","footnotes":""},"categories":[9],"tags":[],"_links":{"self":[{"href":"https:\/\/pldaldia.com\/portada\/wp-json\/wp\/v2\/posts\/82048"}],"collection":[{"href":"https:\/\/pldaldia.com\/portada\/wp-json\/wp\/v2\/posts"}],"about":[{"href":"https:\/\/pldaldia.com\/portada\/wp-json\/wp\/v2\/types\/post"}],"author":[{"embeddable":true,"href":"https:\/\/pldaldia.com\/portada\/wp-json\/wp\/v2\/users\/1"}],"replies":[{"embeddable":true,"href":"https:\/\/pldaldia.com\/portada\/wp-json\/wp\/v2\/comments?post=82048"}],"version-history":[{"count":1,"href":"https:\/\/pldaldia.com\/portada\/wp-json\/wp\/v2\/posts\/82048\/revisions"}],"predecessor-version":[{"id":82050,"href":"https:\/\/pldaldia.com\/portada\/wp-json\/wp\/v2\/posts\/82048\/revisions\/82050"}],"wp:featuredmedia":[{"embeddable":true,"href":"https:\/\/pldaldia.com\/portada\/wp-json\/wp\/v2\/media\/82049"}],"wp:attachment":[{"href":"https:\/\/pldaldia.com\/portada\/wp-json\/wp\/v2\/media?parent=82048"}],"wp:term":[{"taxonomy":"category","embeddable":true,"href":"https:\/\/pldaldia.com\/portada\/wp-json\/wp\/v2\/categories?post=82048"},{"taxonomy":"post_tag","embeddable":true,"href":"https:\/\/pldaldia.com\/portada\/wp-json\/wp\/v2\/tags?post=82048"}],"curies":[{"name":"wp","href":"https:\/\/api.w.org\/{rel}","templated":true}]}}