{"id":82655,"date":"2025-09-24T10:12:38","date_gmt":"2025-09-24T14:12:38","guid":{"rendered":"https:\/\/pldaldia.com\/portada\/?p=82655"},"modified":"2025-09-24T10:12:38","modified_gmt":"2025-09-24T14:12:38","slug":"conversatorio-lecciones-de-un-golpe-a-la-democracia","status":"publish","type":"post","link":"https:\/\/pldaldia.com\/portada\/conversatorio-lecciones-de-un-golpe-a-la-democracia\/","title":{"rendered":"Conversatorio \u201cLecciones de un Golpe a la Democracia\u201d"},"content":{"rendered":"<p>PLD organiza encuentro en el aniversario de los golpes de Estado a Juan Bosch en 1963 y a Allende en 1973<\/p>\n<p>En el conversatorio programado por el Partido de la Liberaci\u00f3n Dominicana (PLD) para la tarde de este jueves, 25 de septiembre, se propone analizar y compartir con los asistentes el impacto perjudicial a la democracia de la regi\u00f3n de los golpes de Estado a los Gobiernos del Profesor Juan Bosch en 1963 en Rep\u00fablica Dominicana y a Salvador Allende en Chile en 1973.<\/p>\n<p>\u201cLecciones de un golpe a la democracia\u201d, es el t\u00edtulo del Conversatorio, que contar\u00e1 con las ponencias de Alejandrina Germ\u00e1n, secretaria de Formaci\u00f3n Pol\u00edtica PLD, Altagracia Fern\u00e1ndez, Maestra de historia, miembro del CC y Tem\u00edstocles Mont\u00e1s, vicepresidente del PLD.<\/p>\n<p>La actividad est\u00e1 programada para iniciar a las 5:00 de la tarde en la Casa Nacional Reinaldo Pared P\u00e9rez.<\/p>\n<p>En el conversatorio se har\u00e1n las explicaciones de los hechos y la comparaci\u00f3n con la situaci\u00f3n actual amenazada por gobiernos autoritarios, que quieren imponer modelos unipolares.<\/p>\n<p>La Comisi\u00f3n Permanente de Celebraciones y Conmemoraciones del PLD, organiza esta actividad que ser\u00e1 abierta, aunque con una dedicatoria especial a las nuevas generaciones.<\/p>\n","protected":false},"excerpt":{"rendered":"<p>PLD organiza encuentro en el aniversario de los golpes de Estado a Juan Bosch en 1963 y a Allende en 1973 En el conversatorio programado por el Partido de la Liberaci\u00f3n Dominicana (PLD) para la tarde de este jueves, 25 de septiembre, se propone analizar y compartir con los asistentes el impacto perjudicial a la [&hellip;]<\/p>\n","protected":false},"author":1,"featured_media":82656,"comment_status":"open","ping_status":"open","sticky":false,"template":"","format":"standard","meta":{"tdm_status":"","tdm_grid_status":"","footnotes":""},"categories":[9],"tags":[],"_links":{"self":[{"href":"https:\/\/pldaldia.com\/portada\/wp-json\/wp\/v2\/posts\/82655"}],"collection":[{"href":"https:\/\/pldaldia.com\/portada\/wp-json\/wp\/v2\/posts"}],"about":[{"href":"https:\/\/pldaldia.com\/portada\/wp-json\/wp\/v2\/types\/post"}],"author":[{"embeddable":true,"href":"https:\/\/pldaldia.com\/portada\/wp-json\/wp\/v2\/users\/1"}],"replies":[{"embeddable":true,"href":"https:\/\/pldaldia.com\/portada\/wp-json\/wp\/v2\/comments?post=82655"}],"version-history":[{"count":1,"href":"https:\/\/pldaldia.com\/portada\/wp-json\/wp\/v2\/posts\/82655\/revisions"}],"predecessor-version":[{"id":82657,"href":"https:\/\/pldaldia.com\/portada\/wp-json\/wp\/v2\/posts\/82655\/revisions\/82657"}],"wp:featuredmedia":[{"embeddable":true,"href":"https:\/\/pldaldia.com\/portada\/wp-json\/wp\/v2\/media\/82656"}],"wp:attachment":[{"href":"https:\/\/pldaldia.com\/portada\/wp-json\/wp\/v2\/media?parent=82655"}],"wp:term":[{"taxonomy":"category","embeddable":true,"href":"https:\/\/pldaldia.com\/portada\/wp-json\/wp\/v2\/categories?post=82655"},{"taxonomy":"post_tag","embeddable":true,"href":"https:\/\/pldaldia.com\/portada\/wp-json\/wp\/v2\/tags?post=82655"}],"curies":[{"name":"wp","href":"https:\/\/api.w.org\/{rel}","templated":true}]}}