{"id":82658,"date":"2025-09-24T10:28:41","date_gmt":"2025-09-24T14:28:41","guid":{"rendered":"https:\/\/pldaldia.com\/portada\/?p=82658"},"modified":"2025-09-24T10:28:41","modified_gmt":"2025-09-24T14:28:41","slug":"gobierno-de-indolentes","status":"publish","type":"post","link":"https:\/\/pldaldia.com\/portada\/gobierno-de-indolentes\/","title":{"rendered":"Gobierno de indolentes"},"content":{"rendered":"<p>La ex diputada Cleo S\u00e1nchez afirma que con el PRM, el pueblo cambi\u00f3 la esperanza por la preocupaci\u00f3n.<\/p>\n<p>Cleo S\u00e1nchez, integrante del Comit\u00e9 Central del Partido de la Liberaci\u00f3n Dominicana (PLD), calific\u00f3 de indolente al Gobierno del PRM, presidido por el Presidente Luis Abinader, integrado por \u201cfuncionarios que no funcionan\u201d<\/p>\n<p>La ex diputada emiti\u00f3 estos conceptos al participar en el programa \u00abMarcando el Rumbo\u201d, afirmando tambi\u00e9n que la poblaci\u00f3n dominicana ha cambiado la esperanza por la preocupaci\u00f3n.<\/p>\n<p>En su condici\u00f3n de coordinadora del Voluntariado Nacional Comunitario, S\u00e1nchez, dijo que recibe informes de todo el pa\u00eds en los que la poblaci\u00f3n describe la situaci\u00f3n de desesperaci\u00f3n en que desenvuelven sus actividades<\/p>\n<p>\u201cLa gente se levanta malhumorada porque no duerme por los apagones y el calor, la gente no tiene tranquilidad, cuando no son los apagones, es la delincuencia y ni hablar del alto costo de los alimentos\u201d, respondi\u00f3 a sus entrevistadores.<\/p>\n<p>Sobre la situaci\u00f3n del Partido de la Liberaci\u00f3n Dominicana resalt\u00f3 el trabajo que se realiza a lo interno de la organizaci\u00f3n, validando la membres\u00eda y posicion\u00e1ndolo en un recinto electoral, como parte de la l\u00ednea organizativa aprobada en el X Congreso Ordinario Reinaldo Pared P\u00e9rez.<\/p>\n<p>\u201cAl validar nuestros miembros y dirigentes estamos haciendo una auditor\u00eda para determinar con qui\u00e9n contamos para cumplir con las tareas pol\u00edticas y el trabajo con miras a las venideras elecciones\u201d, explic\u00f3.<\/p>\n","protected":false},"excerpt":{"rendered":"<p>La ex diputada Cleo S\u00e1nchez afirma que con el PRM, el pueblo cambi\u00f3 la esperanza por la preocupaci\u00f3n. Cleo S\u00e1nchez, integrante del Comit\u00e9 Central del Partido de la Liberaci\u00f3n Dominicana (PLD), calific\u00f3 de indolente al Gobierno del PRM, presidido por el Presidente Luis Abinader, integrado por \u201cfuncionarios que no funcionan\u201d La ex diputada emiti\u00f3 estos [&hellip;]<\/p>\n","protected":false},"author":1,"featured_media":82659,"comment_status":"open","ping_status":"open","sticky":false,"template":"","format":"standard","meta":{"tdm_status":"","tdm_grid_status":"","footnotes":""},"categories":[9],"tags":[],"_links":{"self":[{"href":"https:\/\/pldaldia.com\/portada\/wp-json\/wp\/v2\/posts\/82658"}],"collection":[{"href":"https:\/\/pldaldia.com\/portada\/wp-json\/wp\/v2\/posts"}],"about":[{"href":"https:\/\/pldaldia.com\/portada\/wp-json\/wp\/v2\/types\/post"}],"author":[{"embeddable":true,"href":"https:\/\/pldaldia.com\/portada\/wp-json\/wp\/v2\/users\/1"}],"replies":[{"embeddable":true,"href":"https:\/\/pldaldia.com\/portada\/wp-json\/wp\/v2\/comments?post=82658"}],"version-history":[{"count":1,"href":"https:\/\/pldaldia.com\/portada\/wp-json\/wp\/v2\/posts\/82658\/revisions"}],"predecessor-version":[{"id":82660,"href":"https:\/\/pldaldia.com\/portada\/wp-json\/wp\/v2\/posts\/82658\/revisions\/82660"}],"wp:featuredmedia":[{"embeddable":true,"href":"https:\/\/pldaldia.com\/portada\/wp-json\/wp\/v2\/media\/82659"}],"wp:attachment":[{"href":"https:\/\/pldaldia.com\/portada\/wp-json\/wp\/v2\/media?parent=82658"}],"wp:term":[{"taxonomy":"category","embeddable":true,"href":"https:\/\/pldaldia.com\/portada\/wp-json\/wp\/v2\/categories?post=82658"},{"taxonomy":"post_tag","embeddable":true,"href":"https:\/\/pldaldia.com\/portada\/wp-json\/wp\/v2\/tags?post=82658"}],"curies":[{"name":"wp","href":"https:\/\/api.w.org\/{rel}","templated":true}]}}