{"id":82661,"date":"2025-09-25T02:15:37","date_gmt":"2025-09-25T06:15:37","guid":{"rendered":"https:\/\/pldaldia.com\/portada\/?p=82661"},"modified":"2025-09-25T02:15:37","modified_gmt":"2025-09-25T06:15:37","slug":"dia-maritimo-mundial-3","status":"publish","type":"post","link":"https:\/\/pldaldia.com\/portada\/dia-maritimo-mundial-3\/","title":{"rendered":"D\u00eda Mar\u00edtimo Mundial"},"content":{"rendered":"<p>Desde el a\u00f1o 1980, se ha celebrado el cuarto jueves del mes de septiembre el D\u00eda Mar\u00edtimo Mundial.<\/p>\n","protected":false},"excerpt":{"rendered":"<p>Desde el a\u00f1o 1980, se ha celebrado el cuarto jueves del mes de septiembre el D\u00eda Mar\u00edtimo Mundial.<\/p>\n","protected":false},"author":1,"featured_media":82662,"comment_status":"open","ping_status":"open","sticky":false,"template":"","format":"standard","meta":{"tdm_status":"","tdm_grid_status":"","footnotes":""},"categories":[57],"tags":[],"_links":{"self":[{"href":"https:\/\/pldaldia.com\/portada\/wp-json\/wp\/v2\/posts\/82661"}],"collection":[{"href":"https:\/\/pldaldia.com\/portada\/wp-json\/wp\/v2\/posts"}],"about":[{"href":"https:\/\/pldaldia.com\/portada\/wp-json\/wp\/v2\/types\/post"}],"author":[{"embeddable":true,"href":"https:\/\/pldaldia.com\/portada\/wp-json\/wp\/v2\/users\/1"}],"replies":[{"embeddable":true,"href":"https:\/\/pldaldia.com\/portada\/wp-json\/wp\/v2\/comments?post=82661"}],"version-history":[{"count":1,"href":"https:\/\/pldaldia.com\/portada\/wp-json\/wp\/v2\/posts\/82661\/revisions"}],"predecessor-version":[{"id":82663,"href":"https:\/\/pldaldia.com\/portada\/wp-json\/wp\/v2\/posts\/82661\/revisions\/82663"}],"wp:featuredmedia":[{"embeddable":true,"href":"https:\/\/pldaldia.com\/portada\/wp-json\/wp\/v2\/media\/82662"}],"wp:attachment":[{"href":"https:\/\/pldaldia.com\/portada\/wp-json\/wp\/v2\/media?parent=82661"}],"wp:term":[{"taxonomy":"category","embeddable":true,"href":"https:\/\/pldaldia.com\/portada\/wp-json\/wp\/v2\/categories?post=82661"},{"taxonomy":"post_tag","embeddable":true,"href":"https:\/\/pldaldia.com\/portada\/wp-json\/wp\/v2\/tags?post=82661"}],"curies":[{"name":"wp","href":"https:\/\/api.w.org\/{rel}","templated":true}]}}