{"id":82664,"date":"2025-09-25T02:16:10","date_gmt":"2025-09-25T06:16:10","guid":{"rendered":"https:\/\/pldaldia.com\/portada\/?p=82664"},"modified":"2025-09-25T02:16:10","modified_gmt":"2025-09-25T06:16:10","slug":"tres-heridos-criticos-por-tiroteo-en-centro-de-inmigracion-en-texas","status":"publish","type":"post","link":"https:\/\/pldaldia.com\/portada\/tres-heridos-criticos-por-tiroteo-en-centro-de-inmigracion-en-texas\/","title":{"rendered":"Tres heridos cr\u00edticos por tiroteo en centro de inmigraci\u00f3n en Texas"},"content":{"rendered":"<p>Un tiroteo hoy en un centro del Servicio de Inmigraci\u00f3n y control de Aduanas (ICE) de Estados Unidos en Dallas, Texas, provoc\u00f3 al menos tres heridos reportados en condici\u00f3n cr\u00edtica y el atacante est\u00e1 muerto, informaron las autoridades.<\/p>\n<p>El director interino de ICE, Todd Lyons, confirm\u00f3 el tiroteo durante una entrevista concedida a la cadena CNN y dijo que el tirador falleci\u00f3 a causa de una herida de bala autoinfligida.<br \/>\nLas c\u00e1maras del Departamento de Transporte de Texas cerca de las instalaciones mostraron una fuerte presencia de personal de emergencias con docenas de unidades.<\/p>\n<p>\u00abSi bien a\u00fan desconocemos el motivo, sabemos que nuestras fuerzas del orden de ICE se enfrentan a una violencia sin precedentes. Debe cesar\u00bb, declar\u00f3 la secretaria del Departamento de Seguridad Nacional (DHS), Kristi Noem, en la red social X.<\/p>\n<p>Las instalaciones est\u00e1n ubicadas en 8101 N. Stemmons Fwy, en Dallas. La I-35E en ambas direcciones est\u00e1 cerrada mientras contin\u00faa la investigaci\u00f3n, rese\u00f1an las televisoras.<\/p>\n<p>El ataque armado de esta ma\u00f1ana constituye al menos la tercera vez en lo que va de a\u00f1o que una instalaci\u00f3n del ICE es asaltada a tiros.<\/p>\n<p>Pero el 25 de agosto, Bratton Dean Wilkinson, de 36 a\u00f1os, se present\u00f3 en un puntpo del ICE en Dallas y \u201cafirm\u00f3 tener una bomba en su mochila\u201d, de acuerdo con un comunicado del DHS. El sospechoso fue arrestado despu\u00e9s.<\/p>\n<p>Mientras que el 4 de julio en un centro de detenci\u00f3n de inmigrantes donde un polic\u00eda recibi\u00f3 un disparo en el cuello.<\/p>\n<p>En aquel momento, atacantes vestidos con ropa militar negra abrieron fuego frente al Centro de Detenci\u00f3n Prairieland en Alvarado, al suroeste de Dallas, informaron los fiscales federales. Once personas fueron acusadas en relaci\u00f3n con el incidente violento.<\/p>\n<p>D\u00edas despu\u00e9s, un hombre de 27 a\u00f1os con un rifle y equipo t\u00e1ctico muri\u00f3 a manos de la polic\u00eda luego de abrir fuego contra una instalaci\u00f3n de la Patrulla Fronteriza en McAllen, Texas. En el atentado dos agentes y un empleado de la patrulla fueron heridos.<\/p>\n<p>\u00abEl ataque obsesivo contra las fuerzas del orden, en particular contra el ICE, debe cesar\u00bb, dijo en la propia plataforma de microblogueo el vicepresidente de Estados Unidos, JD Vance.<\/p>\n","protected":false},"excerpt":{"rendered":"<p>Un tiroteo hoy en un centro del Servicio de Inmigraci\u00f3n y control de Aduanas (ICE) de Estados Unidos en Dallas, Texas, provoc\u00f3 al menos tres heridos reportados en condici\u00f3n cr\u00edtica y el atacante est\u00e1 muerto, informaron las autoridades. El director interino de ICE, Todd Lyons, confirm\u00f3 el tiroteo durante una entrevista concedida a la cadena [&hellip;]<\/p>\n","protected":false},"author":1,"featured_media":82666,"comment_status":"open","ping_status":"open","sticky":false,"template":"","format":"standard","meta":{"tdm_status":"","tdm_grid_status":"","footnotes":""},"categories":[51],"tags":[],"_links":{"self":[{"href":"https:\/\/pldaldia.com\/portada\/wp-json\/wp\/v2\/posts\/82664"}],"collection":[{"href":"https:\/\/pldaldia.com\/portada\/wp-json\/wp\/v2\/posts"}],"about":[{"href":"https:\/\/pldaldia.com\/portada\/wp-json\/wp\/v2\/types\/post"}],"author":[{"embeddable":true,"href":"https:\/\/pldaldia.com\/portada\/wp-json\/wp\/v2\/users\/1"}],"replies":[{"embeddable":true,"href":"https:\/\/pldaldia.com\/portada\/wp-json\/wp\/v2\/comments?post=82664"}],"version-history":[{"count":1,"href":"https:\/\/pldaldia.com\/portada\/wp-json\/wp\/v2\/posts\/82664\/revisions"}],"predecessor-version":[{"id":82667,"href":"https:\/\/pldaldia.com\/portada\/wp-json\/wp\/v2\/posts\/82664\/revisions\/82667"}],"wp:featuredmedia":[{"embeddable":true,"href":"https:\/\/pldaldia.com\/portada\/wp-json\/wp\/v2\/media\/82666"}],"wp:attachment":[{"href":"https:\/\/pldaldia.com\/portada\/wp-json\/wp\/v2\/media?parent=82664"}],"wp:term":[{"taxonomy":"category","embeddable":true,"href":"https:\/\/pldaldia.com\/portada\/wp-json\/wp\/v2\/categories?post=82664"},{"taxonomy":"post_tag","embeddable":true,"href":"https:\/\/pldaldia.com\/portada\/wp-json\/wp\/v2\/tags?post=82664"}],"curies":[{"name":"wp","href":"https:\/\/api.w.org\/{rel}","templated":true}]}}