{"id":82670,"date":"2025-09-25T02:19:32","date_gmt":"2025-09-25T06:19:32","guid":{"rendered":"https:\/\/pldaldia.com\/portada\/?p=82670"},"modified":"2025-09-25T02:19:32","modified_gmt":"2025-09-25T06:19:32","slug":"lo-del-aila-es-una-verguenza","status":"publish","type":"post","link":"https:\/\/pldaldia.com\/portada\/lo-del-aila-es-una-verguenza\/","title":{"rendered":"Lo del AILA es una verg\u00fcenza"},"content":{"rendered":"<p>Por: H\u00e9ctor Olivo | Si no hubiese sido por la gravedad del caso, incluso con el  impacto negativo para imagen del pa\u00eds, me inclinar\u00eda que el prolongado apag\u00f3n en el Aeropuerto Internacional de Las Am\u00e9ricas, el domingo 21 septiembre,  form\u00f3 parte del gui\u00f3n teatral a lo que nos tiene acostumbrado el Gobierno del PRM<\/p>\n<p>De repente el esc\u00e1ndalo generado por el d\u00e9ficit del SeNaSa y las irregularidades en el Instituto de Bienestar Estudiar (Inabie) fueron desplazados del debate p\u00fablico por el apag\u00f3n del AILA.   <\/p>\n<p>El accionar del Gobierno del PRM se ha caracterizado por minimizar un esc\u00e1ndalo con otros o la generaci\u00f3n de anuncios y presentaci\u00f3n de proyectos que buscan disminuir los ruidos generados por indelicadezas o pr\u00e1cticas deleznables.<\/p>\n<p>La vitrina semanal del Presidente Abinader se realiz\u00f3 el pasado lunes, con un tema presentado por el propio mandatario y el anunci\u00f3 de que partir\u00eda desde el Palacio Nacional para abordar el vuelo que lo llevar\u00eda a Nueva York al 80 periodo de sesiones de la Organizaci\u00f3n de las Naciones Unidas.<\/p>\n<p>El presidente Abinader calific\u00f3 el hecho como \u00abtotalmente inaceptable\u00bb y advirti\u00f3 que, si se comprueba negligencia, habr\u00e1 consecuencias.<\/p>\n<p>En\u00e9rgicamente habl\u00f3 el jefe del Estado adelantando sanciones a la misma empresa con la que renegoci\u00f3 en plena campa\u00f1a electoral   el  contrato  que se firm\u00f3 en 1999, restando un buen tiempo para su vencimiento.<\/p>\n<p>Dando ejemplo de \u201ceficiencia\u201d se reuni\u00f3 la  Comisi\u00f3n Aeroportuaria ordenando  a la empresa  Aeropuertos Dominicanos Siglo XXI (AERODOM) el pago de 5 millones de d\u00f3lares por los da\u00f1os ocasionados tras el fallo el\u00e9ctrico del pasado domingo en el Aeropuerto Internacional de Las Am\u00e9ricas (AILA).<\/p>\n<p>Tanta eficiencia nos hace pensar en la existencia de un gui\u00f3n teatral para hacer notar que es un gobierno sancionador y que aplica correctivos, pero aqu\u00ed todos nos  conocemos y  tambi\u00e9n se conoce al ciego durmiendo y al cojo sentado.  <\/p>\n","protected":false},"excerpt":{"rendered":"<p>Por: H\u00e9ctor Olivo | Si no hubiese sido por la gravedad del caso, incluso con el impacto negativo para imagen del pa\u00eds, me inclinar\u00eda que el prolongado apag\u00f3n en el Aeropuerto Internacional de Las Am\u00e9ricas, el domingo 21 septiembre, form\u00f3 parte del gui\u00f3n teatral a lo que nos tiene acostumbrado el Gobierno del PRM De [&hellip;]<\/p>\n","protected":false},"author":1,"featured_media":65375,"comment_status":"open","ping_status":"open","sticky":false,"template":"","format":"standard","meta":{"tdm_status":"","tdm_grid_status":"","footnotes":""},"categories":[53],"tags":[],"_links":{"self":[{"href":"https:\/\/pldaldia.com\/portada\/wp-json\/wp\/v2\/posts\/82670"}],"collection":[{"href":"https:\/\/pldaldia.com\/portada\/wp-json\/wp\/v2\/posts"}],"about":[{"href":"https:\/\/pldaldia.com\/portada\/wp-json\/wp\/v2\/types\/post"}],"author":[{"embeddable":true,"href":"https:\/\/pldaldia.com\/portada\/wp-json\/wp\/v2\/users\/1"}],"replies":[{"embeddable":true,"href":"https:\/\/pldaldia.com\/portada\/wp-json\/wp\/v2\/comments?post=82670"}],"version-history":[{"count":1,"href":"https:\/\/pldaldia.com\/portada\/wp-json\/wp\/v2\/posts\/82670\/revisions"}],"predecessor-version":[{"id":82671,"href":"https:\/\/pldaldia.com\/portada\/wp-json\/wp\/v2\/posts\/82670\/revisions\/82671"}],"wp:featuredmedia":[{"embeddable":true,"href":"https:\/\/pldaldia.com\/portada\/wp-json\/wp\/v2\/media\/65375"}],"wp:attachment":[{"href":"https:\/\/pldaldia.com\/portada\/wp-json\/wp\/v2\/media?parent=82670"}],"wp:term":[{"taxonomy":"category","embeddable":true,"href":"https:\/\/pldaldia.com\/portada\/wp-json\/wp\/v2\/categories?post=82670"},{"taxonomy":"post_tag","embeddable":true,"href":"https:\/\/pldaldia.com\/portada\/wp-json\/wp\/v2\/tags?post=82670"}],"curies":[{"name":"wp","href":"https:\/\/api.w.org\/{rel}","templated":true}]}}