{"id":82673,"date":"2025-09-25T09:45:34","date_gmt":"2025-09-25T13:45:34","guid":{"rendered":"https:\/\/pldaldia.com\/portada\/?p=82673"},"modified":"2025-09-25T09:45:34","modified_gmt":"2025-09-25T13:45:34","slug":"a-juan-bosch-maestro-de-nuestra-democracia-contemporanea","status":"publish","type":"post","link":"https:\/\/pldaldia.com\/portada\/a-juan-bosch-maestro-de-nuestra-democracia-contemporanea\/","title":{"rendered":"A Juan Bosch . Maestro de nuestra Democracia Contempor\u00e1nea"},"content":{"rendered":"<p>Por: Ram\u00f3n Ventura Camejo | Las actuaciones pol\u00edticas del Partido Revolucionario Dominicano , de la agrupaci\u00f3n pol\u00edtica 14 de Junio y de la Uni\u00f3n C\u00edvica Nacional en el escenario dominicano en los d\u00edas inmediatos a la muerte de Trujillo , fueron decisivos en las luchas en contra de los herederos del r\u00e9gimen trujillista y representaron aportes significativos para el posterior desarrollo del proceso democr\u00e1tico .<\/p>\n<p>El surgimiento del PRD , del 14 de Junio y la UCN , verifica en las especificidades de nuestro pa\u00eds la ley general de que estos actores pol\u00edticos aparecen en el momento hist\u00f3rico en que las masas adquieren la posibilidad de actuaci\u00f3n y se crean las premisas sociales y pol\u00edticas para la edificaci\u00f3n de la democracia . En la particularidad de Latinoam\u00e9rica , las organizaciones pol\u00edticas se han forjado en la lucha en contra de reg\u00edmenes dictatoriales<br \/>\n. Es evidente que varios factores contribuyeron para que el rol del PRD y su l\u00edder , correspondieran a las expectativas hist\u00f3ricas . El PRD y su l\u00edder hab\u00edan acumulado en m\u00e1s de 20 a\u00f1os de exilio una vasta experiencia pol\u00edtica , una cultura profesional de la pol\u00edtica , formaci\u00f3n intelectual y rigurosidad cient\u00edfica para el an\u00e1lisis , interpretaci\u00f3n y el ejercicio pr\u00e1ctico de la actividad pol\u00edtica , en el marco de la democracia . La UCN y su l\u00edder fueron limitados, condicionados y posteriormente desviados a acciones antidemocr\u00e1ticas por la naturaleza de sus procedencias sociales . Una casta de primera , de la que luego surgir\u00eda la conservadora oligarqu\u00eda dominicana , separada por un \u00bb agujero negro \u00bb de contradicciones de interese con los sectores populares . El movimiento 14 de Junio y su l\u00edder, procedentes de la mediana y alta peque\u00f1a profesional , portadores de una acrisolada honestidad y de firme convicciones patri\u00f3ticas motivados por la m\u00edstica revolucionaria , forjada en los sacrificios sufridos en la lucha contra la dictadura . Pero los \u00bb catorcistas \u00bb en su interpretaci\u00f3n del proceso hist\u00f3rico dominicano y la t\u00e1ctica correspondiente fueron afectados por el clima imperante en la regi\u00f3n . El PRD y Juan Bosch adem\u00e1s de identificar el cambio estructural como la estrategia a perseguir , concibieron la t\u00e1ctica de masas para lograrlo . La Justicia Social , la explicaci\u00f3n sistem\u00e1ticas de las causas de los problemas que padec\u00eda el pueblo y la forma de solucionarlos , eran los temas recurrentes tratados en el programa de radio del partido .<br \/>\nJuan Bosch , con un decir f\u00e1cil y con palabras sencillas , ejemplos gr\u00e1ficos y la tradici\u00f3n cultural de conocimientos logr\u00f3 sintonizar con las mayor\u00edas nacionales . verbigracia el lenguaje com\u00fan de los t\u00e9rminos \u00bb tutumpote\u00bb e \u00bb hijos de machepa\u00bb La UCN represent\u00f3 durante varios meses el principal papel en el teatro de la opini\u00f3n p\u00fablica nacional en la lucha contra los remanentes del trujillismo , a trav\u00e9s de intensas protestas adem\u00e1s y aprovecharon situaciones como la participaci\u00f3n contingente del general Pedro Rafael Rodriguez Echavarria ; contribuyeron a las salidas del poder y del pa\u00eds de los familiares del tirano el 19 de noviembre .<br \/>\nLa UCN el actor protagonista en la formaci\u00f3n del Consejo de Estado , y con actividades como la manifestaci\u00f3n del parque independencia del 16 de enero de 1962 , logr\u00f3 que Joaquin Balaguer y el general Rodriguez Echavarria fueran desplazados del Poder y que el licenciado Rafael F. Bonnelly pasara a ocupar la presidencia del Consejo de Estado .Es evidente que se desarrollaba una lucha feroz entre los d\u00e9biles sectores burgueses de Balaguer y Rodriguez Echavarria y el bloque olig\u00e1rquico de UCN .<br \/>\nLos \u00bb C\u00edvicos \u00bb concentraron y privilegiaron su relato en el tema pol\u00edtico y jam\u00e1s lograron empat\u00eda con el pueblo . Incluso , la hegemon\u00eda sobre el Consejo de Estado le resto confianza . El movimiento 14 de Junio se abstuvo de participar en las elecciones del 20 de diciembre de 1962 . Los perredeistas , bajo la consigna de \u00bb Verg\u00fcenza contra Dinero \u00bb obtuvieron el control del Senado y la C\u00e1mara de Diputados , es decir , del Congreso ; tambi\u00e9n ganaron la mayor\u00eda de los ayuntamientos . En ese contexto , Julio Gener\u00f3 Campillo Perez se\u00f1ala : \u00bb El 22 de enero de 1963 la Junta Central Electoral declar\u00f3 oficialmente electos los candidatos del PRD como triunfadores de la justa .<br \/>\nDe ese modo fueron proclamados , como presidente, Juan Bosch , y como vicepresidente , Segundo Armando Gonz\u00e1lez Tamayo . Ambos recibieron la cantidad de 628 , 044 votos , de un total de 1, 054 , 944 , o sea , un porcentaje aproximado de un 60% del escrutinio . UCN , con 317 , 237 , qued\u00f3 en segundo lugar , con un porcentaje aproximado de un 30% .<\/p>\n","protected":false},"excerpt":{"rendered":"<p>Por: Ram\u00f3n Ventura Camejo | Las actuaciones pol\u00edticas del Partido Revolucionario Dominicano , de la agrupaci\u00f3n pol\u00edtica 14 de Junio y de la Uni\u00f3n C\u00edvica Nacional en el escenario dominicano en los d\u00edas inmediatos a la muerte de Trujillo , fueron decisivos en las luchas en contra de los herederos del r\u00e9gimen trujillista y representaron [&hellip;]<\/p>\n","protected":false},"author":1,"featured_media":47161,"comment_status":"open","ping_status":"open","sticky":false,"template":"","format":"standard","meta":{"tdm_status":"","tdm_grid_status":"","footnotes":""},"categories":[53],"tags":[],"_links":{"self":[{"href":"https:\/\/pldaldia.com\/portada\/wp-json\/wp\/v2\/posts\/82673"}],"collection":[{"href":"https:\/\/pldaldia.com\/portada\/wp-json\/wp\/v2\/posts"}],"about":[{"href":"https:\/\/pldaldia.com\/portada\/wp-json\/wp\/v2\/types\/post"}],"author":[{"embeddable":true,"href":"https:\/\/pldaldia.com\/portada\/wp-json\/wp\/v2\/users\/1"}],"replies":[{"embeddable":true,"href":"https:\/\/pldaldia.com\/portada\/wp-json\/wp\/v2\/comments?post=82673"}],"version-history":[{"count":1,"href":"https:\/\/pldaldia.com\/portada\/wp-json\/wp\/v2\/posts\/82673\/revisions"}],"predecessor-version":[{"id":82674,"href":"https:\/\/pldaldia.com\/portada\/wp-json\/wp\/v2\/posts\/82673\/revisions\/82674"}],"wp:featuredmedia":[{"embeddable":true,"href":"https:\/\/pldaldia.com\/portada\/wp-json\/wp\/v2\/media\/47161"}],"wp:attachment":[{"href":"https:\/\/pldaldia.com\/portada\/wp-json\/wp\/v2\/media?parent=82673"}],"wp:term":[{"taxonomy":"category","embeddable":true,"href":"https:\/\/pldaldia.com\/portada\/wp-json\/wp\/v2\/categories?post=82673"},{"taxonomy":"post_tag","embeddable":true,"href":"https:\/\/pldaldia.com\/portada\/wp-json\/wp\/v2\/tags?post=82673"}],"curies":[{"name":"wp","href":"https:\/\/api.w.org\/{rel}","templated":true}]}}