{"id":82675,"date":"2025-09-25T09:48:28","date_gmt":"2025-09-25T13:48:28","guid":{"rendered":"https:\/\/pldaldia.com\/portada\/?p=82675"},"modified":"2025-09-25T09:48:28","modified_gmt":"2025-09-25T13:48:28","slug":"antes-de-hacer-planificar","status":"publish","type":"post","link":"https:\/\/pldaldia.com\/portada\/antes-de-hacer-planificar\/","title":{"rendered":"Antes de hacer, planificar"},"content":{"rendered":"<p>Por: Osiris Mota | Ya hemos iniciado el \u00faltimo cuatrimestre del a\u00f1o, momento en que las instituciones deber\u00edan estar elaborando sus planes de trabajo para el pr\u00f3ximo per\u00edodo. Ese proceso, naturalmente, debe partir de una evaluaci\u00f3n rigurosa de las operaciones y de los resultados alcanzados hasta la fecha, a fin de realizar los ajustes necesarios que garanticen el cumplimiento de las metas propuestas. El punto de partida m\u00e1s adecuado es someterse a un an\u00e1lisis de fortalezas, debilidades, oportunidades y amenazas (FODA).<\/p>\n<p>Esperemos que los amigos del gobierno del PRM hayan realizado ese ejercicio durante su retiro del pasado fin de semana, para no seguir acumulando errores que nos empujan a una crisis sin precedentes. Una crisis que responde, en gran medida, a la ausencia de un plan de gobierno coherente, capaz de mantener la econom\u00eda a flote sin los traumas que hoy padecemos en \u00e1reas tan sensibles como el sistema el\u00e9ctrico, la movilidad, la educaci\u00f3n, la salud y otros servicios p\u00fablicos que parec\u00edan haber superado ciertas dificultades.<\/p>\n<p>Es precisamente en los momentos de mayor dificultad cuando m\u00e1s urgente se hace la planificaci\u00f3n. Y lo es todav\u00eda m\u00e1s cuando se asume una posici\u00f3n con la promesa de cambio, bajo el compromiso de corregir las anomal\u00edas heredadas. Sin embargo, a cinco a\u00f1os de gesti\u00f3n, el gobierno central sigue sin encontrar la ruta para eliminar \u2014o al menos reducir\u2014 los problemas que aseguraron haber recibido.<\/p>\n<p>Una de las debilidades m\u00e1s evidentes de nuestros pol\u00edticos es la administraci\u00f3n de los recursos. Son expertos en organizar campa\u00f1as electorales exitosas y en persuadir a la gente para que los respalde, pero cuando se trata de gestionar los fondos p\u00fablicos, pocas veces saben aprovecharlos en beneficio del pueblo. En cambio, s\u00ed dominan el arte de ejecutar acciones que favorezcan sus intereses personales y los de sus grupos cercanos. Luego, inevitablemente, acudimos a organismos internacionales como el FMI, para que nos dicten lo que ya sabemos que debemos hacer.<\/p>\n<p>El gobierno actual es el mejor ejemplo de lo que no debe ocurrir en ninguna instituci\u00f3n. Todos los que administramos recursos tenemos la obligaci\u00f3n de mantener, cuidar y fortalecer la entidad bajo nuestra responsabilidad, cumpliendo su misi\u00f3n y visi\u00f3n con acciones planificadas y evaluadas paso a paso.<\/p>\n<p>Si no queremos fracasar \u2014como est\u00e1 ocurriendo ahora\u2014, debemos ser estrictos con los principios de la buena administraci\u00f3n y aprender a hacer lo correcto bien hecho. Y si a\u00fan no han empezado a dise\u00f1ar su estrategia, ya es hora de comenzar, partiendo de un an\u00e1lisis FODA serio y transparente.<\/p>\n","protected":false},"excerpt":{"rendered":"<p>Por: Osiris Mota | Ya hemos iniciado el \u00faltimo cuatrimestre del a\u00f1o, momento en que las instituciones deber\u00edan estar elaborando sus planes de trabajo para el pr\u00f3ximo per\u00edodo. Ese proceso, naturalmente, debe partir de una evaluaci\u00f3n rigurosa de las operaciones y de los resultados alcanzados hasta la fecha, a fin de realizar los ajustes necesarios [&hellip;]<\/p>\n","protected":false},"author":1,"featured_media":47158,"comment_status":"open","ping_status":"open","sticky":false,"template":"","format":"standard","meta":{"tdm_status":"","tdm_grid_status":"","footnotes":""},"categories":[53],"tags":[],"_links":{"self":[{"href":"https:\/\/pldaldia.com\/portada\/wp-json\/wp\/v2\/posts\/82675"}],"collection":[{"href":"https:\/\/pldaldia.com\/portada\/wp-json\/wp\/v2\/posts"}],"about":[{"href":"https:\/\/pldaldia.com\/portada\/wp-json\/wp\/v2\/types\/post"}],"author":[{"embeddable":true,"href":"https:\/\/pldaldia.com\/portada\/wp-json\/wp\/v2\/users\/1"}],"replies":[{"embeddable":true,"href":"https:\/\/pldaldia.com\/portada\/wp-json\/wp\/v2\/comments?post=82675"}],"version-history":[{"count":1,"href":"https:\/\/pldaldia.com\/portada\/wp-json\/wp\/v2\/posts\/82675\/revisions"}],"predecessor-version":[{"id":82676,"href":"https:\/\/pldaldia.com\/portada\/wp-json\/wp\/v2\/posts\/82675\/revisions\/82676"}],"wp:featuredmedia":[{"embeddable":true,"href":"https:\/\/pldaldia.com\/portada\/wp-json\/wp\/v2\/media\/47158"}],"wp:attachment":[{"href":"https:\/\/pldaldia.com\/portada\/wp-json\/wp\/v2\/media?parent=82675"}],"wp:term":[{"taxonomy":"category","embeddable":true,"href":"https:\/\/pldaldia.com\/portada\/wp-json\/wp\/v2\/categories?post=82675"},{"taxonomy":"post_tag","embeddable":true,"href":"https:\/\/pldaldia.com\/portada\/wp-json\/wp\/v2\/tags?post=82675"}],"curies":[{"name":"wp","href":"https:\/\/api.w.org\/{rel}","templated":true}]}}