{"id":82692,"date":"2025-09-25T20:59:27","date_gmt":"2025-09-26T00:59:27","guid":{"rendered":"https:\/\/pldaldia.com\/portada\/?p=82692"},"modified":"2025-09-25T20:59:27","modified_gmt":"2025-09-26T00:59:27","slug":"yvan-lorenzo-pide-a-abinader-y-paliza-dar-explicacion-sobre-la-renegociacion-del-contrato-aerodom","status":"publish","type":"post","link":"https:\/\/pldaldia.com\/portada\/yvan-lorenzo-pide-a-abinader-y-paliza-dar-explicacion-sobre-la-renegociacion-del-contrato-aerodom\/","title":{"rendered":"Yv\u00e1n Lorenzo pide a Abinader y Paliza dar explicaci\u00f3n sobre la renegociaci\u00f3n del contrato  AERODOM"},"content":{"rendered":"<p>El vicepresidente del Partido de la Liberaci\u00f3n Dominicana (PLD), Yv\u00e1n Lorenzo, reclam\u00f3 este al presidente de la Rep\u00fablica, Luis Abinader y al ministro de la Presidencia, Jos\u00e9 Ignacio Paliza, dar una explicaci\u00f3n al pa\u00eds sobre el contrato de Aeropuertos Dominicanos Siglo XXI (Aerodom).<\/p>\n<p>\u00abEs necesario que tanto los comisionados como el se\u00f1or Presidente de la Rep\u00fablica y el se\u00f1or Ministro de la Presidencia informen al pa\u00eds todos los aspectos relacionados con el mandato de este decreto\u00bb, sostuvo en su red social X .<\/p>\n<p>El exsenador de la provincia de El\u00edas Pi\u00f1a record\u00f3, que en la renegociaci\u00f3n del contrato del 14 de noviembre de 2023, Aerodom se comprometi\u00f3 a invertir de inmediato US$16 MILLONES para mejorar la terminal del AILA en un plazo de 12-18 meses.<\/p>\n<p>\u00abEl gobierno fiscalizador irresponsable lo quiere resolver con 5 millones de multas\u00bb, expres\u00f3 Lorenzo.<\/p>\n<p>Se recuerda que el presidente Luis Abinader anunci\u00f3 la renegociaci\u00f3n del contrato de concesi\u00f3n de Aerodom, que se firm\u00f3 en 1999 y no generaba beneficios para el Estado dominicano, adem\u00e1s de que \u201cno garantizaba las mejores condiciones en las infraestructuras de los aeropuertos\u201d.<\/p>\n<p>Sin embargo, el mandatario manifest\u00f3 que esta renegociaci\u00f3n \u201crepresenta un beneficio para la Rep\u00fablica Dominicana de entre 1,905 y 2,155 millones de d\u00f3lares. Esa es la diferencia en las negociaciones realizadas por nuestro Gobierno y el anterior\u201d.<\/p>\n<p>Durante su alocuci\u00f3n, transmitida por televisi\u00f3n nacional y plataformas digitales, el presidente Abinader agreg\u00f3 que se arrib\u00f3 a un acuerdo que, al garantizar una mayor participaci\u00f3n del Estado en los beneficios generados por la operaci\u00f3n de los aeropuertos, generar\u00e1 recursos que ser\u00e1n utilizados en beneficio de los dominicanos.<\/p>\n","protected":false},"excerpt":{"rendered":"<p>El vicepresidente del Partido de la Liberaci\u00f3n Dominicana (PLD), Yv\u00e1n Lorenzo, reclam\u00f3 este al presidente de la Rep\u00fablica, Luis Abinader y al ministro de la Presidencia, Jos\u00e9 Ignacio Paliza, dar una explicaci\u00f3n al pa\u00eds sobre el contrato de Aeropuertos Dominicanos Siglo XXI (Aerodom). \u00abEs necesario que tanto los comisionados como el se\u00f1or Presidente de la [&hellip;]<\/p>\n","protected":false},"author":1,"featured_media":82693,"comment_status":"open","ping_status":"open","sticky":false,"template":"","format":"standard","meta":{"tdm_status":"","tdm_grid_status":"","footnotes":""},"categories":[9],"tags":[],"_links":{"self":[{"href":"https:\/\/pldaldia.com\/portada\/wp-json\/wp\/v2\/posts\/82692"}],"collection":[{"href":"https:\/\/pldaldia.com\/portada\/wp-json\/wp\/v2\/posts"}],"about":[{"href":"https:\/\/pldaldia.com\/portada\/wp-json\/wp\/v2\/types\/post"}],"author":[{"embeddable":true,"href":"https:\/\/pldaldia.com\/portada\/wp-json\/wp\/v2\/users\/1"}],"replies":[{"embeddable":true,"href":"https:\/\/pldaldia.com\/portada\/wp-json\/wp\/v2\/comments?post=82692"}],"version-history":[{"count":1,"href":"https:\/\/pldaldia.com\/portada\/wp-json\/wp\/v2\/posts\/82692\/revisions"}],"predecessor-version":[{"id":82694,"href":"https:\/\/pldaldia.com\/portada\/wp-json\/wp\/v2\/posts\/82692\/revisions\/82694"}],"wp:featuredmedia":[{"embeddable":true,"href":"https:\/\/pldaldia.com\/portada\/wp-json\/wp\/v2\/media\/82693"}],"wp:attachment":[{"href":"https:\/\/pldaldia.com\/portada\/wp-json\/wp\/v2\/media?parent=82692"}],"wp:term":[{"taxonomy":"category","embeddable":true,"href":"https:\/\/pldaldia.com\/portada\/wp-json\/wp\/v2\/categories?post=82692"},{"taxonomy":"post_tag","embeddable":true,"href":"https:\/\/pldaldia.com\/portada\/wp-json\/wp\/v2\/tags?post=82692"}],"curies":[{"name":"wp","href":"https:\/\/api.w.org\/{rel}","templated":true}]}}