{"id":82697,"date":"2025-09-26T02:14:20","date_gmt":"2025-09-26T06:14:20","guid":{"rendered":"https:\/\/pldaldia.com\/portada\/?p=82697"},"modified":"2025-09-26T02:14:20","modified_gmt":"2025-09-26T06:14:20","slug":"oms-descarta-vinculo-entre-autismo-paracetamol-y-vacunas-infantiles","status":"publish","type":"post","link":"https:\/\/pldaldia.com\/portada\/oms-descarta-vinculo-entre-autismo-paracetamol-y-vacunas-infantiles\/","title":{"rendered":"OMS descarta v\u00ednculo entre autismo, paracetamol y vacunas infantiles"},"content":{"rendered":"<p>La Organizaci\u00f3n Mundial de la Salud (OMS) descart\u00f3 que exista evidencia cient\u00edfica concluyente que vincule el autismo con el uso de acetaminof\u00e9n (tambi\u00e9n conocido como paracetamol) durante el embarazo y con las vacunas infantiles.<\/p>\n<p>Seg\u00fan una declaraci\u00f3n del organismo sanitario, a nivel mundial casi 62 millones de personas padecen trastorno del espectro autista, un grupo diverso de afecciones relacionadas con el desarrollo del cerebro.<\/p>\n<p>Noti resumen internacional<\/p>\n<p>La ministra de relaciones Exteriores de Canad\u00e1, Anita Anad, anunci\u00f3 que su pa\u00eds aportar\u00e1 60 millones de d\u00f3lares para apoyar los esfuerzos de estabilizaci\u00f3n de Hait\u00ed, donde hoy reinan el caos y la desesperanza.<\/p>\n<p>\u2026\u2026\u2026\u2026.<\/p>\n<p>La Canciller\u00eda de M\u00e9xico inform\u00f3 hoy que un connacional result\u00f3 gravemente herido durante el tiroteo en un centro de detenci\u00f3n de ICE, en Estados Unidos, y se encuentra hospitalizado recibiendo atenci\u00f3n m\u00e9dica.<\/p>\n<p>\u2026\u2026\u2026\u2026..<\/p>\n<p>El presidente de Guatemala, Bernardo Ar\u00e9valo, llam\u00f3 hoy en Naciones Unidas a alcanzar la paz verdadera y urgi\u00f3 a recordar que el multilateralismo es un asunto de humanidad.<\/p>\n<p>\u2026\u2026\u2026\u2026..<\/p>\n<p>El presidente de la Rep\u00fablica Dominicana, Luis Abinader, inst\u00f3 hoy a la comunidad internacional a actuar con urgencia frente a la crisis de Hait\u00ed y llam\u00f3 a renovar el multilateralismo para enfrentar los desaf\u00edos globales.<\/p>\n","protected":false},"excerpt":{"rendered":"<p>La Organizaci\u00f3n Mundial de la Salud (OMS) descart\u00f3 que exista evidencia cient\u00edfica concluyente que vincule el autismo con el uso de acetaminof\u00e9n (tambi\u00e9n conocido como paracetamol) durante el embarazo y con las vacunas infantiles. Seg\u00fan una declaraci\u00f3n del organismo sanitario, a nivel mundial casi 62 millones de personas padecen trastorno del espectro autista, un grupo [&hellip;]<\/p>\n","protected":false},"author":1,"featured_media":82698,"comment_status":"open","ping_status":"open","sticky":false,"template":"","format":"standard","meta":{"tdm_status":"","tdm_grid_status":"","footnotes":""},"categories":[51],"tags":[],"_links":{"self":[{"href":"https:\/\/pldaldia.com\/portada\/wp-json\/wp\/v2\/posts\/82697"}],"collection":[{"href":"https:\/\/pldaldia.com\/portada\/wp-json\/wp\/v2\/posts"}],"about":[{"href":"https:\/\/pldaldia.com\/portada\/wp-json\/wp\/v2\/types\/post"}],"author":[{"embeddable":true,"href":"https:\/\/pldaldia.com\/portada\/wp-json\/wp\/v2\/users\/1"}],"replies":[{"embeddable":true,"href":"https:\/\/pldaldia.com\/portada\/wp-json\/wp\/v2\/comments?post=82697"}],"version-history":[{"count":1,"href":"https:\/\/pldaldia.com\/portada\/wp-json\/wp\/v2\/posts\/82697\/revisions"}],"predecessor-version":[{"id":82700,"href":"https:\/\/pldaldia.com\/portada\/wp-json\/wp\/v2\/posts\/82697\/revisions\/82700"}],"wp:featuredmedia":[{"embeddable":true,"href":"https:\/\/pldaldia.com\/portada\/wp-json\/wp\/v2\/media\/82698"}],"wp:attachment":[{"href":"https:\/\/pldaldia.com\/portada\/wp-json\/wp\/v2\/media?parent=82697"}],"wp:term":[{"taxonomy":"category","embeddable":true,"href":"https:\/\/pldaldia.com\/portada\/wp-json\/wp\/v2\/categories?post=82697"},{"taxonomy":"post_tag","embeddable":true,"href":"https:\/\/pldaldia.com\/portada\/wp-json\/wp\/v2\/tags?post=82697"}],"curies":[{"name":"wp","href":"https:\/\/api.w.org\/{rel}","templated":true}]}}