{"id":82701,"date":"2025-09-26T02:14:45","date_gmt":"2025-09-26T06:14:45","guid":{"rendered":"https:\/\/pldaldia.com\/portada\/?p=82701"},"modified":"2025-09-26T02:14:45","modified_gmt":"2025-09-26T06:14:45","slug":"43-3-de-la-energia-comprada-por-las-edes-se-pierde","status":"publish","type":"post","link":"https:\/\/pldaldia.com\/portada\/43-3-de-la-energia-comprada-por-las-edes-se-pierde\/","title":{"rendered":"43.3 % de la energ\u00eda comprada por las EDES  se pierde"},"content":{"rendered":"<p>Seg\u00fan el informe m\u00e1s reciente del Ministerio de Energ\u00eda y Minas, a julio de 2025 las empresas distribuidoras de electricidad (EDE) acumularon p\u00e9rdidas equivalentes al 43.3 % del total de la energ\u00eda comprada.<\/p>\n<p>En t\u00e9rminos absolutos, las EDE compraron 11,627.8 gigavatios-hora (GWh) durante ese per\u00edodo.<\/p>\n<p>De esa cantidad, 4,550.9 GWh no fueron facturados, lo que representa p\u00e9rdidas del 39.1 % del total adquirido.<\/p>\n<p>A esta cifra se a\u00f1ade un 4.2 % correspondiente a energ\u00eda que fue facturada pero no cobrada. Al sumar las dos cifras, se obtiene el resultado de 43.3 % de p\u00e9rdidas totales.<\/p>\n<p>Ruben Bichara, ex vicepresidente de la CDEEE ha cuantificado las perdidas en pesos en m\u00e1s de mil 500 millones de d\u00f3lares.<\/p>\n","protected":false},"excerpt":{"rendered":"<p>Seg\u00fan el informe m\u00e1s reciente del Ministerio de Energ\u00eda y Minas, a julio de 2025 las empresas distribuidoras de electricidad (EDE) acumularon p\u00e9rdidas equivalentes al 43.3 % del total de la energ\u00eda comprada. En t\u00e9rminos absolutos, las EDE compraron 11,627.8 gigavatios-hora (GWh) durante ese per\u00edodo. De esa cantidad, 4,550.9 GWh no fueron facturados, lo que [&hellip;]<\/p>\n","protected":false},"author":1,"featured_media":82699,"comment_status":"open","ping_status":"open","sticky":false,"template":"","format":"standard","meta":{"tdm_status":"","tdm_grid_status":"","footnotes":""},"categories":[50],"tags":[],"_links":{"self":[{"href":"https:\/\/pldaldia.com\/portada\/wp-json\/wp\/v2\/posts\/82701"}],"collection":[{"href":"https:\/\/pldaldia.com\/portada\/wp-json\/wp\/v2\/posts"}],"about":[{"href":"https:\/\/pldaldia.com\/portada\/wp-json\/wp\/v2\/types\/post"}],"author":[{"embeddable":true,"href":"https:\/\/pldaldia.com\/portada\/wp-json\/wp\/v2\/users\/1"}],"replies":[{"embeddable":true,"href":"https:\/\/pldaldia.com\/portada\/wp-json\/wp\/v2\/comments?post=82701"}],"version-history":[{"count":1,"href":"https:\/\/pldaldia.com\/portada\/wp-json\/wp\/v2\/posts\/82701\/revisions"}],"predecessor-version":[{"id":82702,"href":"https:\/\/pldaldia.com\/portada\/wp-json\/wp\/v2\/posts\/82701\/revisions\/82702"}],"wp:featuredmedia":[{"embeddable":true,"href":"https:\/\/pldaldia.com\/portada\/wp-json\/wp\/v2\/media\/82699"}],"wp:attachment":[{"href":"https:\/\/pldaldia.com\/portada\/wp-json\/wp\/v2\/media?parent=82701"}],"wp:term":[{"taxonomy":"category","embeddable":true,"href":"https:\/\/pldaldia.com\/portada\/wp-json\/wp\/v2\/categories?post=82701"},{"taxonomy":"post_tag","embeddable":true,"href":"https:\/\/pldaldia.com\/portada\/wp-json\/wp\/v2\/tags?post=82701"}],"curies":[{"name":"wp","href":"https:\/\/api.w.org\/{rel}","templated":true}]}}