{"id":82703,"date":"2025-09-26T02:15:19","date_gmt":"2025-09-26T06:15:19","guid":{"rendered":"https:\/\/pldaldia.com\/portada\/?p=82703"},"modified":"2025-09-26T02:15:19","modified_gmt":"2025-09-26T06:15:19","slug":"dia-internacional-para-la-eliminacion-total-de-las-armas-nucleares-2","status":"publish","type":"post","link":"https:\/\/pldaldia.com\/portada\/dia-internacional-para-la-eliminacion-total-de-las-armas-nucleares-2\/","title":{"rendered":"D\u00eda Internacional para la Eliminaci\u00f3n Total de las Armas Nucleares"},"content":{"rendered":"<p>El 26 de septiembre se conmemora el D\u00eda Internacional para la Eliminaci\u00f3n Total de las Armas Nucleares.<\/p>\n<p>Una iniciativa impulsada por la Organizaci\u00f3n de las Naciones Unidas (ONU), con el claro objetivo de lograr el desarme nuclear a nivel mundial.<\/p>\n","protected":false},"excerpt":{"rendered":"<p>El 26 de septiembre se conmemora el D\u00eda Internacional para la Eliminaci\u00f3n Total de las Armas Nucleares. Una iniciativa impulsada por la Organizaci\u00f3n de las Naciones Unidas (ONU), con el claro objetivo de lograr el desarme nuclear a nivel mundial.<\/p>\n","protected":false},"author":1,"featured_media":82704,"comment_status":"open","ping_status":"open","sticky":false,"template":"","format":"standard","meta":{"tdm_status":"","tdm_grid_status":"","footnotes":""},"categories":[57],"tags":[],"_links":{"self":[{"href":"https:\/\/pldaldia.com\/portada\/wp-json\/wp\/v2\/posts\/82703"}],"collection":[{"href":"https:\/\/pldaldia.com\/portada\/wp-json\/wp\/v2\/posts"}],"about":[{"href":"https:\/\/pldaldia.com\/portada\/wp-json\/wp\/v2\/types\/post"}],"author":[{"embeddable":true,"href":"https:\/\/pldaldia.com\/portada\/wp-json\/wp\/v2\/users\/1"}],"replies":[{"embeddable":true,"href":"https:\/\/pldaldia.com\/portada\/wp-json\/wp\/v2\/comments?post=82703"}],"version-history":[{"count":1,"href":"https:\/\/pldaldia.com\/portada\/wp-json\/wp\/v2\/posts\/82703\/revisions"}],"predecessor-version":[{"id":82705,"href":"https:\/\/pldaldia.com\/portada\/wp-json\/wp\/v2\/posts\/82703\/revisions\/82705"}],"wp:featuredmedia":[{"embeddable":true,"href":"https:\/\/pldaldia.com\/portada\/wp-json\/wp\/v2\/media\/82704"}],"wp:attachment":[{"href":"https:\/\/pldaldia.com\/portada\/wp-json\/wp\/v2\/media?parent=82703"}],"wp:term":[{"taxonomy":"category","embeddable":true,"href":"https:\/\/pldaldia.com\/portada\/wp-json\/wp\/v2\/categories?post=82703"},{"taxonomy":"post_tag","embeddable":true,"href":"https:\/\/pldaldia.com\/portada\/wp-json\/wp\/v2\/tags?post=82703"}],"curies":[{"name":"wp","href":"https:\/\/api.w.org\/{rel}","templated":true}]}}