{"id":82709,"date":"2025-09-26T10:36:12","date_gmt":"2025-09-26T14:36:12","guid":{"rendered":"https:\/\/pldaldia.com\/portada\/?p=82709"},"modified":"2025-09-26T10:36:12","modified_gmt":"2025-09-26T14:36:12","slug":"el-silencio-de-la-sociedad-civil-irrita-y-apesta","status":"publish","type":"post","link":"https:\/\/pldaldia.com\/portada\/el-silencio-de-la-sociedad-civil-irrita-y-apesta\/","title":{"rendered":"El Silencio de la Sociedad Civil: irrita y apesta"},"content":{"rendered":"<p>Por: Carlos Manzano | En la Rep\u00fablica Dominicana la sociedad civil ha sido, hist\u00f3ricamente, un actor fundamental en la lucha por la democracia, la transparencia y los derechos ciudadanos.<br \/>\nPero en estos \u00faltimos a\u00f1os, precisamente bajo el actual gobierno, esa misma sociedad civil parece haber desaparecido del escenario p\u00fablico. Lo que antes era un grito firme, aguerrido y continuo, hoy es un silencio preocupante y sospechoso.<br \/>\nPor a\u00f1os, la sociedad civil en la Rep\u00fablica Dominicana se present\u00f3 como la conciencia cr\u00edtica del pa\u00eds. Fue la voz que se alz\u00f3 frente a los excesos de los gobiernos, la que denunci\u00f3 la corrupci\u00f3n, la que sali\u00f3 a las calles en defensa de la democracia y de los derechos ciudadanos. Sin embargo, esa voz se ha apagado. Y ese silencio es tan estruendoso como irritante.<\/p>\n<p>Porque mientras la corrupci\u00f3n sigue galopando, mientras el costo de la vida asfixia a las familias, mientras los apagones regresan como si estuvi\u00e9ramos en los 80, mientras la improvisaci\u00f3n y los errores de pol\u00edtica p\u00fablica se multiplican, la sociedad civil ha preferido callar. O peor a\u00fan: algunos de sus principales actores parecen haberse acomodado, conformado, o cooptado por el poder, ocupando altos cargos en el tren gubernamental.<br \/>\n\u00bfD\u00f3nde est\u00e1n las voces de Participaci\u00f3n Ciudadana, que durante los gobiernos del PLD levantaban auditor\u00edas ciudadanas, ruedas de prensa, marchas, piquetes, con s\u00f3lo surgir alguna denuncia contra la gesti\u00f3n p\u00fablica? Hoy apenas se les escucha un t\u00edmido comunicado, como si la corrupci\u00f3n fuera menos corrupci\u00f3n dependiendo de qui\u00e9n est\u00e9 en el Palacio Nacional.<\/p>\n<p>\u00bfD\u00f3nde est\u00e1 la Finjus, que en otros tiempos se ergu\u00eda como referente de opini\u00f3n jur\u00eddica y defensora de la institucionalidad? Hoy parece m\u00e1s interesada en validar proyectos oficiales que en cuestionar la debilidad de las instituciones.<br \/>\n\u00bfY qu\u00e9 pas\u00f3 con el Consejo Nacional de la Empresa Privada (CONEP), y las dem\u00e1s c\u00fapulas empresariales, que antes se mostraban preocupadas por el rumbo del pa\u00eds? Ahora guardan silencio frente al desorden el\u00e9ctrico, la corrupci\u00f3n, el endeudamiento y la inflaci\u00f3n, porque al fin y al cabo sus intereses est\u00e1n garantizados.<br \/>\nNi hablar de las universidades, gremios profesionales y sindicatos, que parecen m\u00e1s ocupados en defender sus parcelas que en levantar la voz por la sociedad. Los m\u00e9dicos protestan solo por lo suyo, los maestros apenas se hacen sentir, y las asociaciones comunitarias, anta\u00f1o combativas, hoy lucen fragmentadas y d\u00e9biles.<br \/>\nY no olvidemos a las iglesias, que en otros tiempos denunciaban con fuerza los males sociales. Hoy, salvo contadas excepciones, la mayor\u00eda de las iglesias parecen optar por la prudencia y el acomodo, antes que por la denuncia prof\u00e9tica que el pa\u00eds necesita.<br \/>\nEl resultado es claro: frente a los apagones, el alto costo de la vida, la corrupci\u00f3n que no cesa y los errores de gesti\u00f3n, no hay una voz colectiva, fuerte, organizada, que represente a la ciudadan\u00eda.<br \/>\nLa sociedad civil que antes se presentaba como un contrapeso, hoy luce como un actor neutralizado, domesticado, o en el peor de los casos, c\u00f3mplice por omisi\u00f3n.<\/p>\n<p>El pueblo dominicano no se merece una sociedad civil que grita seg\u00fan qui\u00e9n gobierne, ni con organizaciones que negocian su independencia a cambio de financiamientos, favores o puestos.<br \/>\n El pa\u00eds necesita una sociedad civil de verdad, con coherencia, con coraje, con independencia. Porque callar en medio de la crisis, frente al abuso de poder y frente a los males sociales, es otra forma de corrupci\u00f3n.<\/p>\n","protected":false},"excerpt":{"rendered":"<p>Por: Carlos Manzano | En la Rep\u00fablica Dominicana la sociedad civil ha sido, hist\u00f3ricamente, un actor fundamental en la lucha por la democracia, la transparencia y los derechos ciudadanos. Pero en estos \u00faltimos a\u00f1os, precisamente bajo el actual gobierno, esa misma sociedad civil parece haber desaparecido del escenario p\u00fablico. Lo que antes era un grito [&hellip;]<\/p>\n","protected":false},"author":1,"featured_media":78188,"comment_status":"open","ping_status":"open","sticky":false,"template":"","format":"standard","meta":{"tdm_status":"","tdm_grid_status":"","footnotes":""},"categories":[53],"tags":[],"_links":{"self":[{"href":"https:\/\/pldaldia.com\/portada\/wp-json\/wp\/v2\/posts\/82709"}],"collection":[{"href":"https:\/\/pldaldia.com\/portada\/wp-json\/wp\/v2\/posts"}],"about":[{"href":"https:\/\/pldaldia.com\/portada\/wp-json\/wp\/v2\/types\/post"}],"author":[{"embeddable":true,"href":"https:\/\/pldaldia.com\/portada\/wp-json\/wp\/v2\/users\/1"}],"replies":[{"embeddable":true,"href":"https:\/\/pldaldia.com\/portada\/wp-json\/wp\/v2\/comments?post=82709"}],"version-history":[{"count":1,"href":"https:\/\/pldaldia.com\/portada\/wp-json\/wp\/v2\/posts\/82709\/revisions"}],"predecessor-version":[{"id":82710,"href":"https:\/\/pldaldia.com\/portada\/wp-json\/wp\/v2\/posts\/82709\/revisions\/82710"}],"wp:featuredmedia":[{"embeddable":true,"href":"https:\/\/pldaldia.com\/portada\/wp-json\/wp\/v2\/media\/78188"}],"wp:attachment":[{"href":"https:\/\/pldaldia.com\/portada\/wp-json\/wp\/v2\/media?parent=82709"}],"wp:term":[{"taxonomy":"category","embeddable":true,"href":"https:\/\/pldaldia.com\/portada\/wp-json\/wp\/v2\/categories?post=82709"},{"taxonomy":"post_tag","embeddable":true,"href":"https:\/\/pldaldia.com\/portada\/wp-json\/wp\/v2\/tags?post=82709"}],"curies":[{"name":"wp","href":"https:\/\/api.w.org\/{rel}","templated":true}]}}