{"id":82711,"date":"2025-09-26T11:34:47","date_gmt":"2025-09-26T15:34:47","guid":{"rendered":"https:\/\/pldaldia.com\/portada\/?p=82711"},"modified":"2025-09-26T11:34:47","modified_gmt":"2025-09-26T15:34:47","slug":"pld-pospone-actividad-formativa","status":"publish","type":"post","link":"https:\/\/pldaldia.com\/portada\/pld-pospone-actividad-formativa\/","title":{"rendered":"PLD pospone actividad formativa"},"content":{"rendered":"<p>Por las lluvias, el PLD aplaza el taller de Formaci\u00f3n Pol\u00edtica programado para este viernes.<\/p>\n<p>El taller programado por la Secretaria de Formaci\u00f3n Pol\u00edtica y el Instituto de Formaci\u00f3n Pol\u00edtica Profesor Juan Bosch sobre el manejo de la plataforma digital formativa,  ha sido aplazado para una nueva fecha por motivo de la lluvia<\/p>\n<p>\u201cSe informa a los encargados de formaci\u00f3n pol\u00edtica provincial que el taller de manejo de la plataforma de formaci\u00f3n pol\u00edtica, programado para el d\u00eda de hoy, queda suspendido debido a las lluvias que se est\u00e1n registrando en el territorio nacional\u201d, se escribi\u00f3 en un mensaje a los dirigentes convocados a la actividad .<\/p>\n<p>El mensaje concluye informando que  de manera oportuna se comunicar\u00e1  la nueva fecha de realizaci\u00f3n del taller.<\/p>\n<p> El Centro de Operaciones de Emergencias (COE) declar\u00f3 este viernes en alerta roja al Gran Santo Domingo y a otras cuatro provincias debido a los fuertes aguaceros, tormentas el\u00e9ctricas y r\u00e1fagas de viento provocados por la combinaci\u00f3n de una onda tropical activa y una vaguada en altura.<\/p>\n","protected":false},"excerpt":{"rendered":"<p>Por las lluvias, el PLD aplaza el taller de Formaci\u00f3n Pol\u00edtica programado para este viernes. El taller programado por la Secretaria de Formaci\u00f3n Pol\u00edtica y el Instituto de Formaci\u00f3n Pol\u00edtica Profesor Juan Bosch sobre el manejo de la plataforma digital formativa, ha sido aplazado para una nueva fecha por motivo de la lluvia \u201cSe informa [&hellip;]<\/p>\n","protected":false},"author":1,"featured_media":82712,"comment_status":"open","ping_status":"open","sticky":false,"template":"","format":"standard","meta":{"tdm_status":"","tdm_grid_status":"","footnotes":""},"categories":[9],"tags":[],"_links":{"self":[{"href":"https:\/\/pldaldia.com\/portada\/wp-json\/wp\/v2\/posts\/82711"}],"collection":[{"href":"https:\/\/pldaldia.com\/portada\/wp-json\/wp\/v2\/posts"}],"about":[{"href":"https:\/\/pldaldia.com\/portada\/wp-json\/wp\/v2\/types\/post"}],"author":[{"embeddable":true,"href":"https:\/\/pldaldia.com\/portada\/wp-json\/wp\/v2\/users\/1"}],"replies":[{"embeddable":true,"href":"https:\/\/pldaldia.com\/portada\/wp-json\/wp\/v2\/comments?post=82711"}],"version-history":[{"count":1,"href":"https:\/\/pldaldia.com\/portada\/wp-json\/wp\/v2\/posts\/82711\/revisions"}],"predecessor-version":[{"id":82713,"href":"https:\/\/pldaldia.com\/portada\/wp-json\/wp\/v2\/posts\/82711\/revisions\/82713"}],"wp:featuredmedia":[{"embeddable":true,"href":"https:\/\/pldaldia.com\/portada\/wp-json\/wp\/v2\/media\/82712"}],"wp:attachment":[{"href":"https:\/\/pldaldia.com\/portada\/wp-json\/wp\/v2\/media?parent=82711"}],"wp:term":[{"taxonomy":"category","embeddable":true,"href":"https:\/\/pldaldia.com\/portada\/wp-json\/wp\/v2\/categories?post=82711"},{"taxonomy":"post_tag","embeddable":true,"href":"https:\/\/pldaldia.com\/portada\/wp-json\/wp\/v2\/tags?post=82711"}],"curies":[{"name":"wp","href":"https:\/\/api.w.org\/{rel}","templated":true}]}}