{"id":83448,"date":"2025-10-26T12:12:32","date_gmt":"2025-10-26T16:12:32","guid":{"rendered":"https:\/\/pldaldia.com\/portada\/?p=83448"},"modified":"2025-10-26T12:12:32","modified_gmt":"2025-10-26T16:12:32","slug":"son-nueve-las-provincias-en-alerta-roja","status":"publish","type":"post","link":"https:\/\/pldaldia.com\/portada\/son-nueve-las-provincias-en-alerta-roja\/","title":{"rendered":"Son nueve las provincias en alerta roja"},"content":{"rendered":"<p>El Centro de Operaciones de Emergencias (COE) de la Rep\u00fablica Dominicana mantiene hoy nueve provincias en alerta roja, 15 en amarilla y cinco en verde, debido a las lluvias asociadas al hurac\u00e1n Melissa, de categor\u00eda 4.<\/p>\n<p>Seg\u00fan el m\u00e1s reciente informe del organismo, Melissa se localizaba esta ma\u00f1ana a unos 195 kil\u00f3metros al sur-sureste de Kingston, Jamaica, y a 450 kil\u00f3metros al sur-suroeste de Guant\u00e1namo, Cuba, y se desplaza lentamente hacia el oeste a siete kil\u00f3metros por hora.<\/p>\n<p>El fen\u00f3meno presenta vientos m\u00e1ximos sostenidos de 220 kil\u00f3metros por hora, lo que lo convierte en el cuarto hurac\u00e1n intenso de la actual temporada cicl\u00f3nica.<\/p>\n<p>Las provincias en alerta roja (m\u00e1ximo nivel de riesgo) son: Barahona, San Crist\u00f3bal, Independencia, San Jos\u00e9 de Ocoa, Monte Plata, San Juan, Azua, Peravia y Pedernales.<\/p>\n<p>En alerta amarilla (nivel intermedio) permanecen: La Vega, Saman\u00e1, Hato Mayor, El Seibo, La Romana, El\u00edas Pi\u00f1a, Duarte, Bahoruco, Monse\u00f1or Nouel, S\u00e1nchez Ram\u00edrez, Monte Cristi, Santo Domingo, San Pedro de Macor\u00eds, Distrito Nacional, Dajab\u00f3n y La Altagracia.<\/p>\n<p>Mientras que en verde se encuentran: Mar\u00eda Trinidad S\u00e1nchez, Santiago de los Caballeros, Santiago Rodr\u00edguez, Hermanas Mirabal y Espaillat.<\/p>\n<p>En su primer bolet\u00edn de este domingo, el Centro inform\u00f3 que las im\u00e1genes satelitales y de los radares de Punta Cana y Puerto Plata muestran a la Rep\u00fablica Dominicana bajo amplias zonas de nubosidad, con probabilidad de lluvias y tormentas el\u00e9ctricas, en especial en las franjas costeras norte y sur.<\/p>\n<p>Durante las horas matutinas, se prev\u00e9n precipitaciones de intensidad variable sobre las provincias de la costa caribe\u00f1a, la Cordillera Central y el suroeste, con aguaceros moderados a fuertes y tormentas el\u00e9ctricas en Pedernales, Barahona, Azua y Peravia, entre otras zonas.<\/p>\n<p>En la tarde, la actividad lluviosa se mantendr\u00e1 y se extender\u00e1 hacia provincias del sureste y noreste, incrementando el potencial de inundaciones debido a los suelos saturados.<\/p>\n<p>El COE recomend\u00f3 a la poblaci\u00f3n abstenerse de cruzar r\u00edos, arroyos y ca\u00f1adas con altos vol\u00famenes de agua, as\u00ed como mantenerse atenta a los boletines oficiales.<\/p>\n","protected":false},"excerpt":{"rendered":"<p>El Centro de Operaciones de Emergencias (COE) de la Rep\u00fablica Dominicana mantiene hoy nueve provincias en alerta roja, 15 en amarilla y cinco en verde, debido a las lluvias asociadas al hurac\u00e1n Melissa, de categor\u00eda 4. Seg\u00fan el m\u00e1s reciente informe del organismo, Melissa se localizaba esta ma\u00f1ana a unos 195 kil\u00f3metros al sur-sureste de [&hellip;]<\/p>\n","protected":false},"author":1,"featured_media":83449,"comment_status":"open","ping_status":"open","sticky":false,"template":"","format":"standard","meta":{"tdm_status":"","tdm_grid_status":"","footnotes":""},"categories":[9],"tags":[],"_links":{"self":[{"href":"https:\/\/pldaldia.com\/portada\/wp-json\/wp\/v2\/posts\/83448"}],"collection":[{"href":"https:\/\/pldaldia.com\/portada\/wp-json\/wp\/v2\/posts"}],"about":[{"href":"https:\/\/pldaldia.com\/portada\/wp-json\/wp\/v2\/types\/post"}],"author":[{"embeddable":true,"href":"https:\/\/pldaldia.com\/portada\/wp-json\/wp\/v2\/users\/1"}],"replies":[{"embeddable":true,"href":"https:\/\/pldaldia.com\/portada\/wp-json\/wp\/v2\/comments?post=83448"}],"version-history":[{"count":1,"href":"https:\/\/pldaldia.com\/portada\/wp-json\/wp\/v2\/posts\/83448\/revisions"}],"predecessor-version":[{"id":83450,"href":"https:\/\/pldaldia.com\/portada\/wp-json\/wp\/v2\/posts\/83448\/revisions\/83450"}],"wp:featuredmedia":[{"embeddable":true,"href":"https:\/\/pldaldia.com\/portada\/wp-json\/wp\/v2\/media\/83449"}],"wp:attachment":[{"href":"https:\/\/pldaldia.com\/portada\/wp-json\/wp\/v2\/media?parent=83448"}],"wp:term":[{"taxonomy":"category","embeddable":true,"href":"https:\/\/pldaldia.com\/portada\/wp-json\/wp\/v2\/categories?post=83448"},{"taxonomy":"post_tag","embeddable":true,"href":"https:\/\/pldaldia.com\/portada\/wp-json\/wp\/v2\/tags?post=83448"}],"curies":[{"name":"wp","href":"https:\/\/api.w.org\/{rel}","templated":true}]}}