{"id":83451,"date":"2025-10-27T02:42:08","date_gmt":"2025-10-27T06:42:08","guid":{"rendered":"https:\/\/pldaldia.com\/portada\/?p=83451"},"modified":"2025-10-27T02:42:08","modified_gmt":"2025-10-27T06:42:08","slug":"dia-mundial-del-patrimonio-audiovisual-4","status":"publish","type":"post","link":"https:\/\/pldaldia.com\/portada\/dia-mundial-del-patrimonio-audiovisual-4\/","title":{"rendered":"D\u00eda Mundial del Patrimonio Audiovisual"},"content":{"rendered":"<p>Las pel\u00edculas, el cine, los programas de radio y televisi\u00f3n, as\u00ed como grabaciones de audio y video son documentos que guardan informaci\u00f3n importante para la memoria hist\u00f3rica de los pueblos y del mundo. Son parte de nuestra identidad como sociedad.<\/p>\n<p>Es por ello, y entendiendo la importancia de concienciar, salvaguardar y proteger los documentos audiovisuales, que la Unesco proclam\u00f3 el 27 de octubre como D\u00eda Mundial del Patrimonio Audiovisual.<\/p>\n","protected":false},"excerpt":{"rendered":"<p>Las pel\u00edculas, el cine, los programas de radio y televisi\u00f3n, as\u00ed como grabaciones de audio y video son documentos que guardan informaci\u00f3n importante para la memoria hist\u00f3rica de los pueblos y del mundo. Son parte de nuestra identidad como sociedad. Es por ello, y entendiendo la importancia de concienciar, salvaguardar y proteger los documentos audiovisuales, [&hellip;]<\/p>\n","protected":false},"author":1,"featured_media":83453,"comment_status":"open","ping_status":"open","sticky":false,"template":"","format":"standard","meta":{"tdm_status":"","tdm_grid_status":"","footnotes":""},"categories":[57],"tags":[],"_links":{"self":[{"href":"https:\/\/pldaldia.com\/portada\/wp-json\/wp\/v2\/posts\/83451"}],"collection":[{"href":"https:\/\/pldaldia.com\/portada\/wp-json\/wp\/v2\/posts"}],"about":[{"href":"https:\/\/pldaldia.com\/portada\/wp-json\/wp\/v2\/types\/post"}],"author":[{"embeddable":true,"href":"https:\/\/pldaldia.com\/portada\/wp-json\/wp\/v2\/users\/1"}],"replies":[{"embeddable":true,"href":"https:\/\/pldaldia.com\/portada\/wp-json\/wp\/v2\/comments?post=83451"}],"version-history":[{"count":1,"href":"https:\/\/pldaldia.com\/portada\/wp-json\/wp\/v2\/posts\/83451\/revisions"}],"predecessor-version":[{"id":83454,"href":"https:\/\/pldaldia.com\/portada\/wp-json\/wp\/v2\/posts\/83451\/revisions\/83454"}],"wp:featuredmedia":[{"embeddable":true,"href":"https:\/\/pldaldia.com\/portada\/wp-json\/wp\/v2\/media\/83453"}],"wp:attachment":[{"href":"https:\/\/pldaldia.com\/portada\/wp-json\/wp\/v2\/media?parent=83451"}],"wp:term":[{"taxonomy":"category","embeddable":true,"href":"https:\/\/pldaldia.com\/portada\/wp-json\/wp\/v2\/categories?post=83451"},{"taxonomy":"post_tag","embeddable":true,"href":"https:\/\/pldaldia.com\/portada\/wp-json\/wp\/v2\/tags?post=83451"}],"curies":[{"name":"wp","href":"https:\/\/api.w.org\/{rel}","templated":true}]}}