{"id":83455,"date":"2025-10-27T02:42:44","date_gmt":"2025-10-27T06:42:44","guid":{"rendered":"https:\/\/pldaldia.com\/portada\/?p=83455"},"modified":"2025-10-27T02:42:44","modified_gmt":"2025-10-27T06:42:44","slug":"argentinos-votan-para-renovar-el-congreso","status":"publish","type":"post","link":"https:\/\/pldaldia.com\/portada\/argentinos-votan-para-renovar-el-congreso\/","title":{"rendered":"Argentinos votan para renovar el Congreso"},"content":{"rendered":"<p>La tranquilidad impera hoy en Argentina, al menos eso muestra Buenos Aires en medio de unas elecciones que definir\u00e1n c\u00f3mo ser\u00e1 el Congreso a partir de diciembre y con \u00e9l la vida pol\u00edtica del pa\u00eds.<\/p>\n<p>Luego del temporal que la bati\u00f3 durante la madrugada del s\u00e1bado que inund\u00f3 varias zonas, caus\u00f3 un muerto y dej\u00f3 sin electricidad a m\u00e1s de 40 mil hogares y comercios, hoy la ciudad est\u00e1 pr\u00e1cticamente desierta, y solo se nota movimiento en los colegios electorales y alguna algarab\u00eda en los que votan importantes figuras pol\u00edticas.<\/p>\n<p>Las urnas abrieron para 35 millones 405 mil argentinos que escoger\u00e1n a 127 diputados, la mitad de la c\u00e1mara baja, y 24 senadores, un tercio de la alta, y sus sellos pol\u00edticos determinar\u00e1n c\u00f3mo ser\u00e1 la nueva Legislatura que arrancar\u00e1 a partir del 10 de diciembre.<\/p>\n<p>Ya votaron las principales figuras pol\u00edticas; el presidente Javier Milei lo hizo en la sede de Medrano de la Universidad Tecnol\u00f3gica Nacional, a la que se niega otorgarle fondos necesarios para su cabal funcionamiento, y al salir no dijo absolutamente nada, y evit\u00f3 a la prensa que lo esperaba.<\/p>\n<p>Sus estrategas pronosticaban hace poco un amplio triunfo en todo el pa\u00eds en estos comicios de medio mandato, pero los negativos efectos de una pol\u00edtica econ\u00f3mica fallida, la corrida cambiaria, esc\u00e1ndalos de corrupci\u00f3n, pugnas internas en la administraci\u00f3n libertaria ensombrecieron los vaticinios oficiales.<\/p>\n<p>Trabajo, salario, jubilaci\u00f3n, econom\u00eda, seguridad, educaci\u00f3n, deuda y costos (de servicios p\u00fablicos, salud, alquileres), son las principales preocupaciones de los argentinos que se reflejar\u00e1n en la votaci\u00f3n, muestra un an\u00e1lisis realizado con G\u00e9mini, la herramienta de inteligencia artificial de Google.<\/p>\n<p>Por un lado, Milei y su equipo de gobierno aspiran a un resultado de m\u00e1s del 50 por ciento que le permita a Donald Trump sostener su in\u00e9dita intervenci\u00f3n en la vida pol\u00edtica y en las finanzas argentinas, mientras la oposici\u00f3n busca poner freno a la destrucci\u00f3n nacional que impulsa el gobierno libertario, se\u00f1al\u00f3 Ra\u00fal Kollmann en un comentario para el diario P\u00e1gina12.<\/p>\n<p>Luego de votar, el diputado nacional N\u00e9stor Kirchner expres\u00f3 que se \u201cjuegan cosas importantes que ustedes como argentinos y argentinas vieron en los \u00faltimos 30, 60 d\u00edas. Porque creo que a nadie le cae bien que un presidente de otro pa\u00eds nos diga c\u00f3mo votar, \u00bfno?\u201c, apunt\u00f3 a Trump sin nombrarlo.<\/p>\n<p>\u201cLograr entender que somos parte de un pa\u00eds y no podemos ser colonia de otro\u201d, convoc\u00f3 Kirchner quien llam\u00f3 \u201ca tener una discusi\u00f3n madura\u201d.<\/p>\n<p>El senador radical Mart\u00edn Lousteau quien se juega su banca en la c\u00e1mara alta manifest\u00f3 que \u201chay que cambiar varias cosas porque el plan econ\u00f3mico no est\u00e1 funcionando\u00bb, se\u00f1al\u00f3 y consider\u00f3 que \u201cnecesitamos un mejor Congreso, uno que lea las leyes, las entienda, que si hay que modificar algo se haga\u201d.<\/p>\n<p>Observadores, medios y gente com\u00fan estiman que al d\u00eda despu\u00e9s de los comicios, a partir del lunes 27, comenzar\u00e1 una nueva etapa con reclamos renovados y m\u00e1s condicionamientos pol\u00edticos. Habr\u00e1 m\u00e1s presi\u00f3n sobre la Casa Rosada que se ve obligada a renovar el gabinete, \u00bfc\u00f3mo ser\u00e1 el reajuste ministerial? Seg\u00fan Milei, depender\u00e1 de los resultados de las elecciones.<\/p>\n","protected":false},"excerpt":{"rendered":"<p>La tranquilidad impera hoy en Argentina, al menos eso muestra Buenos Aires en medio de unas elecciones que definir\u00e1n c\u00f3mo ser\u00e1 el Congreso a partir de diciembre y con \u00e9l la vida pol\u00edtica del pa\u00eds. Luego del temporal que la bati\u00f3 durante la madrugada del s\u00e1bado que inund\u00f3 varias zonas, caus\u00f3 un muerto y dej\u00f3 [&hellip;]<\/p>\n","protected":false},"author":1,"featured_media":83452,"comment_status":"open","ping_status":"open","sticky":false,"template":"","format":"standard","meta":{"tdm_status":"","tdm_grid_status":"","footnotes":""},"categories":[51],"tags":[],"_links":{"self":[{"href":"https:\/\/pldaldia.com\/portada\/wp-json\/wp\/v2\/posts\/83455"}],"collection":[{"href":"https:\/\/pldaldia.com\/portada\/wp-json\/wp\/v2\/posts"}],"about":[{"href":"https:\/\/pldaldia.com\/portada\/wp-json\/wp\/v2\/types\/post"}],"author":[{"embeddable":true,"href":"https:\/\/pldaldia.com\/portada\/wp-json\/wp\/v2\/users\/1"}],"replies":[{"embeddable":true,"href":"https:\/\/pldaldia.com\/portada\/wp-json\/wp\/v2\/comments?post=83455"}],"version-history":[{"count":1,"href":"https:\/\/pldaldia.com\/portada\/wp-json\/wp\/v2\/posts\/83455\/revisions"}],"predecessor-version":[{"id":83456,"href":"https:\/\/pldaldia.com\/portada\/wp-json\/wp\/v2\/posts\/83455\/revisions\/83456"}],"wp:featuredmedia":[{"embeddable":true,"href":"https:\/\/pldaldia.com\/portada\/wp-json\/wp\/v2\/media\/83452"}],"wp:attachment":[{"href":"https:\/\/pldaldia.com\/portada\/wp-json\/wp\/v2\/media?parent=83455"}],"wp:term":[{"taxonomy":"category","embeddable":true,"href":"https:\/\/pldaldia.com\/portada\/wp-json\/wp\/v2\/categories?post=83455"},{"taxonomy":"post_tag","embeddable":true,"href":"https:\/\/pldaldia.com\/portada\/wp-json\/wp\/v2\/tags?post=83455"}],"curies":[{"name":"wp","href":"https:\/\/api.w.org\/{rel}","templated":true}]}}