{"id":83457,"date":"2025-10-27T10:19:29","date_gmt":"2025-10-27T14:19:29","guid":{"rendered":"https:\/\/pldaldia.com\/portada\/?p=83457"},"modified":"2025-10-27T10:19:29","modified_gmt":"2025-10-27T14:19:29","slug":"autoridades-municipales-pld-asisten-poblacion-afectada-por-melissa","status":"publish","type":"post","link":"https:\/\/pldaldia.com\/portada\/autoridades-municipales-pld-asisten-poblacion-afectada-por-melissa\/","title":{"rendered":"Autoridades municipales PLD asisten poblaci\u00f3n afectada por Melissa"},"content":{"rendered":"<p>PLD reitera llamado a dirigencia y militancia a sumarse a labores de asistencia a la poblaci\u00f3n afectada<\/p>\n<p>Las autoridades municipales pertenecientes al Partido de la Liberaci\u00f3n Dominicana (PLD) asistieron desde el primer momento a la poblaci\u00f3n afectada por el paso de la tormenta, transformada hurac\u00e1n Melissa, cuyo campo nuboso a\u00fan inciden en las condiciones clim\u00e1ticas locales.<\/p>\n<p>La titular de la secretar\u00eda de Asuntos Municipales, Francis Jorge, se\u00f1al\u00f3 que los m\u00e1s de 300 alcaldes, regidores, directores de distrito municipales y vocales del PLD han estado desarrollando labores, primero de prevenci\u00f3n y, posteriormente, de mitigaci\u00f3n y apoyo a las comunidades afectadas.<\/p>\n<p><a href=\"http:\/\/vanguardiadelpueblo.do\/wp-content\/uploads\/2025\/10\/4a43cdde-a00f-48a2-90a6-f3e0465250df-1.jpg\"><img decoding=\"async\" loading=\"lazy\" class=\"alignleft size-medium wp-image-230132\" src=\"http:\/\/vanguardiadelpueblo.do\/wp-content\/uploads\/2025\/10\/4a43cdde-a00f-48a2-90a6-f3e0465250df-1-480x291.jpg\" alt=\"\" width=\"480\" height=\"291\" \/><\/a>\u201cEstas medidas incluyen recolecci\u00f3n de residuos s\u00f3lidos, poda de \u00e1rboles, limpieza de ca\u00f1adas, entrega de ajuares y raciones alimenticias, as\u00ed como la apertura de caminos\u201d, destac\u00f3 Jorge.<\/p>\n<p>En ese sentido indic\u00f3 que las autoridades municipales del PLD han brindado apoyo a las entidades de emergencia, poniendo a disposici\u00f3n los polic\u00edas municipales y el personal de las alcald\u00edas.<\/p>\n<p>El PLD comunic\u00f3 el fin de semana que suspend\u00eda todas sus actividades y llamaba a la dirigencia y militancia a sumarse a las labores de asistencia a la poblaci\u00f3n afectada.<\/p>\n<p>Las direcciones provinciales y municipales del partido morado en todo el pa\u00eds crearon unidades de apoyo y cooperaci\u00f3n, en coordinaci\u00f3n con los organismos de socorro.<\/p>\n<p>El PLD comunic\u00f3 que la vida y la seguridad de las personas son la prioridad del partido, expresando as\u00ed la solidaridad de la organizaci\u00f3n con las familias afectadas por las lluvias, en especial aquellas cuyos ingresos diarios y actividades cotidianas se ven interrumpidos por los efectos del fen\u00f3meno atmosf\u00e9rico.<\/p>\n","protected":false},"excerpt":{"rendered":"<p>PLD reitera llamado a dirigencia y militancia a sumarse a labores de asistencia a la poblaci\u00f3n afectada Las autoridades municipales pertenecientes al Partido de la Liberaci\u00f3n Dominicana (PLD) asistieron desde el primer momento a la poblaci\u00f3n afectada por el paso de la tormenta, transformada hurac\u00e1n Melissa, cuyo campo nuboso a\u00fan inciden en las condiciones clim\u00e1ticas [&hellip;]<\/p>\n","protected":false},"author":1,"featured_media":83458,"comment_status":"open","ping_status":"open","sticky":false,"template":"","format":"standard","meta":{"tdm_status":"","tdm_grid_status":"","footnotes":""},"categories":[9],"tags":[],"_links":{"self":[{"href":"https:\/\/pldaldia.com\/portada\/wp-json\/wp\/v2\/posts\/83457"}],"collection":[{"href":"https:\/\/pldaldia.com\/portada\/wp-json\/wp\/v2\/posts"}],"about":[{"href":"https:\/\/pldaldia.com\/portada\/wp-json\/wp\/v2\/types\/post"}],"author":[{"embeddable":true,"href":"https:\/\/pldaldia.com\/portada\/wp-json\/wp\/v2\/users\/1"}],"replies":[{"embeddable":true,"href":"https:\/\/pldaldia.com\/portada\/wp-json\/wp\/v2\/comments?post=83457"}],"version-history":[{"count":1,"href":"https:\/\/pldaldia.com\/portada\/wp-json\/wp\/v2\/posts\/83457\/revisions"}],"predecessor-version":[{"id":83459,"href":"https:\/\/pldaldia.com\/portada\/wp-json\/wp\/v2\/posts\/83457\/revisions\/83459"}],"wp:featuredmedia":[{"embeddable":true,"href":"https:\/\/pldaldia.com\/portada\/wp-json\/wp\/v2\/media\/83458"}],"wp:attachment":[{"href":"https:\/\/pldaldia.com\/portada\/wp-json\/wp\/v2\/media?parent=83457"}],"wp:term":[{"taxonomy":"category","embeddable":true,"href":"https:\/\/pldaldia.com\/portada\/wp-json\/wp\/v2\/categories?post=83457"},{"taxonomy":"post_tag","embeddable":true,"href":"https:\/\/pldaldia.com\/portada\/wp-json\/wp\/v2\/tags?post=83457"}],"curies":[{"name":"wp","href":"https:\/\/api.w.org\/{rel}","templated":true}]}}