{"id":83462,"date":"2025-10-27T10:24:28","date_gmt":"2025-10-27T14:24:28","guid":{"rendered":"https:\/\/pldaldia.com\/portada\/?p=83462"},"modified":"2025-10-27T10:24:28","modified_gmt":"2025-10-27T14:24:28","slug":"endeudados-y-empapados","status":"publish","type":"post","link":"https:\/\/pldaldia.com\/portada\/endeudados-y-empapados\/","title":{"rendered":"Endeudados y empapados"},"content":{"rendered":"<p>Por: Domingo Batista | En la Rep\u00fablica Dominicana de 2025, la frase estar \u00abendeudados y empapados\u00bb captura perfectamente la dualidad de crisis que azotan al pa\u00eds: una financiera, con una creciente deuda p\u00fablica, y otra natural, representada por el hurac\u00e1n Melissa, que ha inundado calles y paralizado la vida diaria.<\/p>\n<p>Ambas situaciones, aunque parecen desconectadas, revelan paralelismos profundos en su impacto econ\u00f3mico, social y pol\u00edtico. Mientras el gobierno emite bonos soberanos por miles de millones para cubrir d\u00e9ficits cr\u00f3nicos, Melissa deja a m\u00e1s de un mill\u00f3n de hogares sin agua potable y frena la actividad comercial.<\/p>\n<p>La crisis financiera: un endeudamiento que ahoga<\/p>\n<p>La deuda p\u00fablica dominicana ha escalado a niveles alarmantes este a\u00f1o, con desembolsos que suman los RD$343,328.8 millones, equivalentes a 34,332.8 millones de pesos mensuales.<\/p>\n<p>Seg\u00fan la Direcci\u00f3n General de Cr\u00e9dito P\u00fablico, la reciente emisi\u00f3n de bonos soberanos por 1,600 millones de d\u00f3lares eleva el total de deuda del sector p\u00fablico no financiero a 61,782.9 millones de d\u00f3lares.<\/p>\n<p>El Fondo Monetario Internacional pronostica que esta deuda alcanzar\u00e1 el 60% del PIB al cierre de 2025, colocando al pa\u00eds como la sexta econom\u00eda m\u00e1s endeudada de Am\u00e9rica Latina, detr\u00e1s de naciones como Bolivia (93.7%) y Argentina (78.8%).<\/p>\n<p>El gobierno de Luis Abinader defiende su gesti\u00f3n, argumentando una reducci\u00f3n relativa del ratio deuda\/PIB del 57.4% en 2024 al 56.9% en agosto de 2025, atribuida al crecimiento nominal del PIB (13% anual versus 7% en deuda entre 2021 y 2024).<\/p>\n<p>Sin embargo, estos datos chocan con la visi\u00f3n econ\u00f3mica del Partido de la Liberaci\u00f3n Dominicana en la persona del exministro de Econom\u00eda y miembro del Comit\u00e9 Pol\u00edtico, Juan Ariel Jim\u00e9nez, quien acusa al presidente Abinader de mentir y enga\u00f1ar con datos ilusorios.<\/p>\n<p>Jim\u00e9nez sostiene que el 56% de los pr\u00e9stamos financia d\u00e9ficits actuales, no solo deudas heredadas, y que el endeudamiento para gasto corriente viola la Ley de Cr\u00e9dito P\u00fablico.<\/p>\n<p>Lo que acent\u00faa un d\u00e9ficit cr\u00f3nico que obliga al Estado a depender de mercados externos e internos, como la colocaci\u00f3n de 20,000 millones de pesos en bonos internos en julio.<\/p>\n<p>La Tormenta Melissa: Un Diluvio que Paraliza<\/p>\n<p>Paralelamente, la tormenta tropical Melissa ha empapado al pa\u00eds, alterando la cotidianidad y exponiendo vulnerabilidades en la infraestructura. El Centro de Operaciones de Emergencias (COE) reporta 12 provincias en alerta roja, con inundaciones que han suspendido la docencia, reducido horarios comerciales y pospuesto eventos deportivos y culturales.<\/p>\n<p>M\u00e1s de 1.1 millones de personas carecen de agua potable, con 56 acueductos fuera de servicio, seg\u00fan el Inapa y la Caasd.<\/p>\n<p>Aunque la tormenta ha descongestionado el tr\u00e1fico y limpiado el aire en el Gran Santo Domingo, el costo es alto: trabajadores informales, que viven del d\u00eda a d\u00eda, enfrentan p\u00e9rdidas, mientras que la econom\u00eda sufre un freno temporal en su productividad.<\/p>\n<p>Paralelismos Profundos: Dos Crisis que se Refuerzan<\/p>\n<p>Los paralelismos entre estas crisis son evidentes y preocupantes. Ambas generan interrupciones econ\u00f3micas: la deuda compromete recursos futuros con pagos de intereses, similar a c\u00f3mo Melissa detiene el flujo diario de ingresos para miles de familias.<\/p>\n<p>Ambas afectan desproporcionadamente a los vulnerables, a los pobres urbanos por la tormenta, y las generaciones futuras por la carga financiera.<\/p>\n<p>La rep\u00fablica dominicana necesita una estrategia integral. Primero, mayor transparencia en el uso de la deuda: priorizar inversiones productivas que generen retornos, no solo cubrir d\u00e9ficits. Segundo, fortalecer la infraestructura contra desastres, integrando planes de emergencia con presupuestos realistas. Finalmente, un di\u00e1logo pol\u00edtico genuino que trascienda acusaciones, enfoc\u00e1ndose en reformas fiscales para reducir la dependencia de pr\u00e9stamos.<\/p>\n<p>Estar endeudados y empapados no es inevitable. Con visi\u00f3n estrat\u00e9gica, la Rep\u00fablica Dominicana puede transformar estas crisis en oportunidades para una econom\u00eda m\u00e1s resiliente.<\/p>\n<p>De lo contrario, seguiremos navegando en aguas turbulentas, donde cada tormenta (financiera o literal) amenaza con hundirnos m\u00e1s profundo.<\/p>\n","protected":false},"excerpt":{"rendered":"<p>Por: Domingo Batista | En la Rep\u00fablica Dominicana de 2025, la frase estar \u00abendeudados y empapados\u00bb captura perfectamente la dualidad de crisis que azotan al pa\u00eds: una financiera, con una creciente deuda p\u00fablica, y otra natural, representada por el hurac\u00e1n Melissa, que ha inundado calles y paralizado la vida diaria. Ambas situaciones, aunque parecen desconectadas, [&hellip;]<\/p>\n","protected":false},"author":1,"featured_media":83381,"comment_status":"open","ping_status":"open","sticky":false,"template":"","format":"standard","meta":{"tdm_status":"","tdm_grid_status":"","footnotes":""},"categories":[53],"tags":[],"_links":{"self":[{"href":"https:\/\/pldaldia.com\/portada\/wp-json\/wp\/v2\/posts\/83462"}],"collection":[{"href":"https:\/\/pldaldia.com\/portada\/wp-json\/wp\/v2\/posts"}],"about":[{"href":"https:\/\/pldaldia.com\/portada\/wp-json\/wp\/v2\/types\/post"}],"author":[{"embeddable":true,"href":"https:\/\/pldaldia.com\/portada\/wp-json\/wp\/v2\/users\/1"}],"replies":[{"embeddable":true,"href":"https:\/\/pldaldia.com\/portada\/wp-json\/wp\/v2\/comments?post=83462"}],"version-history":[{"count":1,"href":"https:\/\/pldaldia.com\/portada\/wp-json\/wp\/v2\/posts\/83462\/revisions"}],"predecessor-version":[{"id":83463,"href":"https:\/\/pldaldia.com\/portada\/wp-json\/wp\/v2\/posts\/83462\/revisions\/83463"}],"wp:featuredmedia":[{"embeddable":true,"href":"https:\/\/pldaldia.com\/portada\/wp-json\/wp\/v2\/media\/83381"}],"wp:attachment":[{"href":"https:\/\/pldaldia.com\/portada\/wp-json\/wp\/v2\/media?parent=83462"}],"wp:term":[{"taxonomy":"category","embeddable":true,"href":"https:\/\/pldaldia.com\/portada\/wp-json\/wp\/v2\/categories?post=83462"},{"taxonomy":"post_tag","embeddable":true,"href":"https:\/\/pldaldia.com\/portada\/wp-json\/wp\/v2\/tags?post=83462"}],"curies":[{"name":"wp","href":"https:\/\/api.w.org\/{rel}","templated":true}]}}