{"id":83464,"date":"2025-10-27T10:25:58","date_gmt":"2025-10-27T14:25:58","guid":{"rendered":"https:\/\/pldaldia.com\/portada\/?p=83464"},"modified":"2025-10-27T10:25:58","modified_gmt":"2025-10-27T14:25:58","slug":"melissa-el-agua-y-las-desigualdades","status":"publish","type":"post","link":"https:\/\/pldaldia.com\/portada\/melissa-el-agua-y-las-desigualdades\/","title":{"rendered":"Melissa: el agua y las desigualdades"},"content":{"rendered":"<p>Por: Ramon Tejeda Read | Con Melissa llegaron las aguas. Necesarias. Esperadas. Representan m\u00e1s energ\u00eda hidr\u00e1ulica, fertilizaci\u00f3n de suelos, revitalizaci\u00f3n de cauces y acu\u00edferos, esperanzas para agricultores y riqueza para el pa\u00eds.<\/p>\n<p>Los pobres,  cinco millones de dominicanos y dominicanas de todas las edades, ponen a los refugiados y a los muertos. Los desaparecidos. Las v\u00edctimas del dengue, la malaria y la leptospirosis.<\/p>\n<p>Todo eso que el presidente Abinader y el PRM creen que se resuelve con una \u201cbrisita\u201d, un \u201cbono a mil\u201d o una tarjetica Sup\u00e9rate o con las cifras del PIB que s\u00f3lo interesan al gobierno, al FMI y a los tutumpotes.<\/p>\n<p>Porque si las pol\u00edticas gubernamentales no son integrales, abarcadoras, inclusivas y liberadoras entonces son excluyentes, elitistas y esclavizadoras de la sociedad.<\/p>\n<p>Las pol\u00edticas que no desarrollan de manera integral a todos los sectores sociales son m\u00e1s de lo mismo que hemos padecido per s\u00e9cula seculorum, por m\u00e1s que les llamen \u201ccambio\u201d.<\/p>\n<p>La tarjeta, el bono, la \u201cbrisita\u201d o como les llamen Abinader y el PRM, no son m\u00e1s que h\u00e1biles mecanismos de empobrecimiento, instrumentaci\u00f3n del voto y, por tanto, de envilecimiento.<\/p>\n<p>Melissa deb\u00eda ser una bendici\u00f3n para todos y todas, sin ser una desgracia para millones de familias.<\/p>\n<p>Pero las aguas no pueden superar las desigualdades.<\/p>\n<p>Eso deb\u00edan hacerlo las pol\u00edticas oficiales que, desde el 2020 no hacen m\u00e1s que crear pobreza con la anulaci\u00f3n de la tanda extendida y el empobrecimiento de la alimentaci\u00f3n escolar; con la destrucci\u00f3n del aparato productivo por las importaciones que enriquecen a los jefes del cambio; con el aumento del desempleo v\u00eda la quiebra de centenares de peque\u00f1os y medianos productores; con el incremento criminal de la deuda externa para clientelismo; con la eliminaci\u00f3n del programa de alfabetizaci\u00f3n; con la paralizaci\u00f3n de la construcci\u00f3n de nuevas aulas; con la supresi\u00f3n de miles de negocios surgidos de las visitas sorpresa, es decir, con la instalaci\u00f3n del gobierno de privilegios del cambio.<\/p>\n","protected":false},"excerpt":{"rendered":"<p>Por: Ramon Tejeda Read | Con Melissa llegaron las aguas. Necesarias. Esperadas. Representan m\u00e1s energ\u00eda hidr\u00e1ulica, fertilizaci\u00f3n de suelos, revitalizaci\u00f3n de cauces y acu\u00edferos, esperanzas para agricultores y riqueza para el pa\u00eds. Los pobres, cinco millones de dominicanos y dominicanas de todas las edades, ponen a los refugiados y a los muertos. Los desaparecidos. Las [&hellip;]<\/p>\n","protected":false},"author":1,"featured_media":47161,"comment_status":"open","ping_status":"open","sticky":false,"template":"","format":"standard","meta":{"tdm_status":"","tdm_grid_status":"","footnotes":""},"categories":[53],"tags":[],"_links":{"self":[{"href":"https:\/\/pldaldia.com\/portada\/wp-json\/wp\/v2\/posts\/83464"}],"collection":[{"href":"https:\/\/pldaldia.com\/portada\/wp-json\/wp\/v2\/posts"}],"about":[{"href":"https:\/\/pldaldia.com\/portada\/wp-json\/wp\/v2\/types\/post"}],"author":[{"embeddable":true,"href":"https:\/\/pldaldia.com\/portada\/wp-json\/wp\/v2\/users\/1"}],"replies":[{"embeddable":true,"href":"https:\/\/pldaldia.com\/portada\/wp-json\/wp\/v2\/comments?post=83464"}],"version-history":[{"count":1,"href":"https:\/\/pldaldia.com\/portada\/wp-json\/wp\/v2\/posts\/83464\/revisions"}],"predecessor-version":[{"id":83465,"href":"https:\/\/pldaldia.com\/portada\/wp-json\/wp\/v2\/posts\/83464\/revisions\/83465"}],"wp:featuredmedia":[{"embeddable":true,"href":"https:\/\/pldaldia.com\/portada\/wp-json\/wp\/v2\/media\/47161"}],"wp:attachment":[{"href":"https:\/\/pldaldia.com\/portada\/wp-json\/wp\/v2\/media?parent=83464"}],"wp:term":[{"taxonomy":"category","embeddable":true,"href":"https:\/\/pldaldia.com\/portada\/wp-json\/wp\/v2\/categories?post=83464"},{"taxonomy":"post_tag","embeddable":true,"href":"https:\/\/pldaldia.com\/portada\/wp-json\/wp\/v2\/tags?post=83464"}],"curies":[{"name":"wp","href":"https:\/\/api.w.org\/{rel}","templated":true}]}}